{"id":1018274,"date":"2026-01-26T09:54:00","date_gmt":"2026-01-26T08:54:00","guid":{"rendered":"https:\/\/www.escuelavitae.com\/un-dia-a-la-vida-dun-tes\/"},"modified":"2026-03-31T11:07:05","modified_gmt":"2026-03-31T09:07:05","slug":"un-dia-en-la-vida-de-un-tecnico-en-emergencias-sanitarias","status":"publish","type":"post","link":"https:\/\/www.escuelavitae.com\/es\/un-dia-en-la-vida-de-un-tecnico-en-emergencias-sanitarias\/","title":{"rendered":"Un d\u00eda en la vida de un TES, Profesionales en Emergencias Sanitarias"},"content":{"rendered":"\t\t<div data-elementor-type=\"wp-post\" data-elementor-id=\"1018274\" class=\"elementor elementor-1018274 elementor-1017941\" data-elementor-post-type=\"post\">\n\t\t\t\t<div class=\"elementor-element elementor-element-12765f47 e-flex e-con-boxed e-con e-parent\" data-id=\"12765f47\" data-element_type=\"container\" data-e-type=\"container\">\n\t\t\t\t\t<div class=\"e-con-inner\">\n\t\t\t\t<div class=\"elementor-element elementor-element-60db707 elementor-widget elementor-widget-text-editor\" data-id=\"60db707\" data-element_type=\"widget\" data-e-type=\"widget\" data-widget_type=\"text-editor.default\">\n\t\t\t\t<div class=\"elementor-widget-container\">\n\t\t\t\t\t\t\t\t\t<h2><span style=\"color: #000000;\">Entre sirenas, humanidad y formaci\u00f3n profesional<\/span><\/h2><p data-start=\"261\" data-end=\"603\">\u00a0<\/p>\t\t\t\t\t\t\t\t<\/div>\n\t\t\t\t<\/div>\n\t\t\t\t\t<\/div>\n\t\t\t\t<\/div>\n\t\t<div class=\"elementor-element elementor-element-3890c72 e-flex e-con-boxed e-con e-parent\" data-id=\"3890c72\" data-element_type=\"container\" data-e-type=\"container\">\n\t\t\t\t\t<div class=\"e-con-inner\">\n\t\t\t\t<div class=\"elementor-element elementor-element-48db772 elementor-widget elementor-widget-text-editor\" data-id=\"48db772\" data-element_type=\"widget\" data-e-type=\"widget\" data-widget_type=\"text-editor.default\">\n\t\t\t\t<div class=\"elementor-widget-container\">\n\t\t\t\t\t\t\t\t\t<p>\u201c\u2026La llamada entr\u00f3 a las 23:12. Voz temblorosa, sin palabras claras\u2026 solo miedo. La persona colg\u00f3 antes de poder dar datos precisos. Luego que sent\u00ed el tono de la alarma, supe que ser\u00eda una noche intensa.\u201d<\/p><p><span style=\"font-weight: 400;\">As\u00ed empieza un turno m\u00e1s para la <strong>Mar\u00eda<\/strong>, <strong>T\u00e9cnica en Emergencias Sanitarias<\/strong> (TES). Ella no solo conduc\u00eda una ambulancia: era la respuesta organizada, t\u00e9cnica y humana cuando otras no sab\u00edan qu\u00e9 hacer. Este momento encapsula qu\u00e9 significa realmente ser TIESO: e<strong>star a punto para ayudar alguien cuando m\u00e1s lo necesita<\/strong>, con formaci\u00f3n, precisi\u00f3n t\u00e9cnica y coraz\u00f3n.<\/span><\/p><p>Pero m\u00e1s all\u00e1 de las sirenas, <strong>que hace realmente un T\u00c9S en su d\u00eda a d\u00eda? C\u00f3mo se forma y qu\u00e9 salidas profesionales tiene este ciclo de Formaci\u00f3n Profesional?<\/strong> En este art\u00edculo lo detallaremos al m\u00e1ximo.<\/p>\t\t\t\t\t\t\t\t<\/div>\n\t\t\t\t<\/div>\n\t\t\t\t<div class=\"elementor-element elementor-element-3a19638 elementor-widget elementor-widget-text-editor\" data-id=\"3a19638\" data-element_type=\"widget\" data-e-type=\"widget\" data-widget_type=\"text-editor.default\">\n\t\t\t\t<div class=\"elementor-widget-container\">\n\t\t\t\t\t\t\t\t\t<h2>Qu\u00e9 es el Grado Medio de T\u00e9cnico\/a en Emergencias Sanitarias (TES)?<\/h2>\t\t\t\t\t\t\t\t<\/div>\n\t\t\t\t<\/div>\n\t\t\t\t\t<\/div>\n\t\t\t\t<\/div>\n\t\t<div class=\"elementor-element elementor-element-7b620e8 e-flex e-con-boxed e-con e-parent\" data-id=\"7b620e8\" data-element_type=\"container\" data-e-type=\"container\">\n\t\t\t\t\t<div class=\"e-con-inner\">\n\t\t\t\t<div class=\"elementor-element elementor-element-c8b451f elementor-widget elementor-widget-spacer\" data-id=\"c8b451f\" data-element_type=\"widget\" data-e-type=\"widget\" data-widget_type=\"spacer.default\">\n\t\t\t\t<div class=\"elementor-widget-container\">\n\t\t\t\t\t\t\t<div class=\"elementor-spacer\">\n\t\t\t<div class=\"elementor-spacer-inner\"><\/div>\n\t\t<\/div>\n\t\t\t\t\t\t<\/div>\n\t\t\t\t<\/div>\n\t\t\t\t\t<\/div>\n\t\t\t\t<\/div>\n\t\t<div class=\"elementor-element elementor-element-2d3f674 e-con-full e-flex e-con e-parent\" data-id=\"2d3f674\" data-element_type=\"container\" data-e-type=\"container\">\n\t\t\t\t<div class=\"elementor-element elementor-element-d44b08f elementor-widget elementor-widget-text-editor\" data-id=\"d44b08f\" data-element_type=\"widget\" data-e-type=\"widget\" data-widget_type=\"text-editor.default\">\n\t\t\t\t<div class=\"elementor-widget-container\">\n\t\t\t\t\t\t\t\t\t<p><span style=\"font-weight: 400;\">El <strong><span style=\"color: #00cf58;\"><a style=\"color: #00cf58;\" title=\"Grado medio en Emergencias Sanitarias\" href=\"https:\/\/www.escuelavitae.com\/es\/cursos\/cfgm-emergencias-sanitarias\/\" target=\"_blank\" rel=\"noopener\">Grado medio en Emergencias Sanitarias <\/a><\/span><\/strong><\/span><span style=\"font-weight: 400;\">es un<strong> t\u00edtulo oficial de Formaci\u00f3n Profesional (FP)<\/strong> con validez en todo el Estado espa\u00f1ol. Tiene una duraci\u00f3n aproximada de <strong>2.000 horas repartidas en dos cursos<\/strong> y est\u00e1 estructurado para que aprendas tanto la <strong>teor\u00eda como la pr\u00e1ctica real<\/strong> del mundo de las emergencias sanitarias.<br \/><br \/>Este ciclo forma profesionales que trabajan en la <strong>atenci\u00f3n sanitaria prehospitalaria, el traslado de pacientes, la asistencia en emergencias colectivas<\/strong> y la coordinaci\u00f3n con otros servicios sanitarios y de emergencias.<\/span><\/p>\t\t\t\t\t\t\t\t<\/div>\n\t\t\t\t<\/div>\n\t\t\t\t<div class=\"elementor-element elementor-element-edfe21f elementor-widget elementor-widget-text-editor\" data-id=\"edfe21f\" data-element_type=\"widget\" data-e-type=\"widget\" data-widget_type=\"text-editor.default\">\n\t\t\t\t<div class=\"elementor-widget-container\">\n\t\t\t\t\t\t\t\t\t<h2>\u00bfQu\u00e9 hace un TES? El d\u00eda a d\u00eda en el coraz\u00f3n de la emergencia<\/h2>\t\t\t\t\t\t\t\t<\/div>\n\t\t\t\t<\/div>\n\t\t<div class=\"elementor-element elementor-element-9463f62 e-con-full e-flex e-con e-child\" data-id=\"9463f62\" data-element_type=\"container\" data-e-type=\"container\">\n\t\t\t\t<div class=\"elementor-element elementor-element-f4555e8 elementor-widget elementor-widget-text-editor\" data-id=\"f4555e8\" data-element_type=\"widget\" data-e-type=\"widget\" data-widget_type=\"text-editor.default\">\n\t\t\t\t<div class=\"elementor-widget-container\">\n\t\t\t\t\t\t\t\t\t<p>M\u00e1s all\u00e1 del t\u00edtulo, \u00bfqu\u00e9 hace exactamente un\/a T\u00e9cnico\/a en Emergencias Sanitarias? No es s\u00f3lo \u00abconducir una ambulancia\u00bb ni ser un simple asistente sanitario; <strong>es el profesional encargado de la primera respuesta sanitaria fuera del hospital<\/strong> con una combinaci\u00f3n de t\u00e9cnica, log\u00edstica y sensibilidad humana.<\/p>\t\t\t\t\t\t\t\t<\/div>\n\t\t\t\t<\/div>\n\t\t\t\t<div class=\"elementor-element elementor-element-9decd81 elementor-widget elementor-widget-text-editor\" data-id=\"9decd81\" data-element_type=\"widget\" data-e-type=\"widget\" data-widget_type=\"text-editor.default\">\n\t\t\t\t<div class=\"elementor-widget-container\">\n\t\t\t\t\t\t\t\t\t<h3>1. Atenci\u00f3n sanitaria inicial y soporte vital<\/h3>\t\t\t\t\t\t\t\t<\/div>\n\t\t\t\t<\/div>\n\t\t\t\t<div class=\"elementor-element elementor-element-1d0f02b elementor-widget elementor-widget-text-editor\" data-id=\"1d0f02b\" data-element_type=\"widget\" data-e-type=\"widget\" data-widget_type=\"text-editor.default\">\n\t\t\t\t<div class=\"elementor-widget-container\">\n\t\t\t\t\t\t\t\t\t<p>Cuando suena un aviso, el TES es de los primeros en llegar. Eval\u00faa la situaci\u00f3n, estabiliza a los pacientes y <strong>aplica soporte vital b\u00e1sico<\/strong> (respiraci\u00f3n, hemorragias, inmovilizaci\u00f3n). Su intervenci\u00f3n puede marcar la diferencia entre la vida y la muerte.<\/p>\t\t\t\t\t\t\t\t<\/div>\n\t\t\t\t<\/div>\n\t\t\t\t<div class=\"elementor-element elementor-element-9c453f6 elementor-widget elementor-widget-text-editor\" data-id=\"9c453f6\" data-element_type=\"widget\" data-e-type=\"widget\" data-widget_type=\"text-editor.default\">\n\t\t\t\t<div class=\"elementor-widget-container\">\n\t\t\t\t\t\t\t\t\t<h3>2. Traslado seguro de pacientes<\/h3>\t\t\t\t\t\t\t\t<\/div>\n\t\t\t\t<\/div>\n\t\t\t\t<div class=\"elementor-element elementor-element-bf8abb6 elementor-widget elementor-widget-text-editor\" data-id=\"bf8abb6\" data-element_type=\"widget\" data-e-type=\"widget\" data-widget_type=\"text-editor.default\">\n\t\t\t\t<div class=\"elementor-widget-container\">\n\t\t\t\t\t\t\t\t\t<p>El traslado no es s\u00f3lo \u00abllevar de un sitio a otro\u00bb. Implica <strong>inmovilizar al paciente, monitorizar las constantes vitales y garantizar que el trayecto sea seguro<\/strong>, comunic\u00e1ndose con el hospital de destino y otros servicios.<\/p>\t\t\t\t\t\t\t\t<\/div>\n\t\t\t\t<\/div>\n\t\t\t\t<div class=\"elementor-element elementor-element-32561e1 elementor-widget elementor-widget-text-editor\" data-id=\"32561e1\" data-element_type=\"widget\" data-e-type=\"widget\" data-widget_type=\"text-editor.default\">\n\t\t\t\t<div class=\"elementor-widget-container\">\n\t\t\t\t\t\t\t\t\t<h3>3. Preparaci\u00f3n y mantenimiento de la ambulancia<\/h3>\t\t\t\t\t\t\t\t<\/div>\n\t\t\t\t<\/div>\n\t\t\t\t<div class=\"elementor-element elementor-element-a08a5dd elementor-widget elementor-widget-text-editor\" data-id=\"a08a5dd\" data-element_type=\"widget\" data-e-type=\"widget\" data-widget_type=\"text-editor.default\">\n\t\t\t\t<div class=\"elementor-widget-container\">\n\t\t\t\t\t\t\t\t\t<p>Al iniciar el turno, el TES revisa y <strong>asegura que todo el material sanitario est\u00e9 en perfecto estado<\/strong>: desde vendajes hasta desfibriladores o medicamentos. Revisar el veh\u00edculo y realizar el control de equipos es clave para poder intervenir con rapidez y eficacia. combinaci\u00f3n de t\u00e9cnica, log\u00edstica y sensibilidad humana.<\/p>\t\t\t\t\t\t\t\t<\/div>\n\t\t\t\t<\/div>\n\t\t\t\t<div class=\"elementor-element elementor-element-118e232 elementor-widget elementor-widget-text-editor\" data-id=\"118e232\" data-element_type=\"widget\" data-e-type=\"widget\" data-widget_type=\"text-editor.default\">\n\t\t\t\t<div class=\"elementor-widget-container\">\n\t\t\t\t\t\t\t\t\t<h3>4. Apoyo psicol\u00f3gico inmediato<\/h3>\t\t\t\t\t\t\t\t<\/div>\n\t\t\t\t<\/div>\n\t\t\t\t<div class=\"elementor-element elementor-element-7875771 elementor-widget elementor-widget-text-editor\" data-id=\"7875771\" data-element_type=\"widget\" data-e-type=\"widget\" data-widget_type=\"text-editor.default\">\n\t\t\t\t<div class=\"elementor-widget-container\">\n\t\t\t\t\t\t\t\t\t<p>En situaciones cr\u00edticas, el TES tambi\u00e9n acompa\u00f1a emocionalmente a pacientes y familiares. Saber transmitir calma y seguridad incluso antes de la atenci\u00f3n m\u00e9dica especializada, es una <strong>competencia vital del profesional.<\/strong><\/p>\t\t\t\t\t\t\t\t<\/div>\n\t\t\t\t<\/div>\n\t\t\t\t<\/div>\n\t\t\t\t<div class=\"elementor-element elementor-element-0237781 elementor-widget elementor-widget-text-editor\" data-id=\"0237781\" data-element_type=\"widget\" data-e-type=\"widget\" data-widget_type=\"text-editor.default\">\n\t\t\t\t<div class=\"elementor-widget-container\">\n\t\t\t\t\t\t\t\t\t<h3>5. Coordinaci\u00f3n de emergencias<\/h3>\t\t\t\t\t\t\t\t<\/div>\n\t\t\t\t<\/div>\n\t\t\t\t<div class=\"elementor-element elementor-element-92dddce elementor-widget elementor-widget-text-editor\" data-id=\"92dddce\" data-element_type=\"widget\" data-e-type=\"widget\" data-widget_type=\"text-editor.default\">\n\t\t\t\t<div class=\"elementor-widget-container\">\n\t\t\t\t\t\t\t\t\t<p><span style=\"font-weight: 400;\">Un <\/span> TES no trabaja de forma aislada: se comunica y <strong>coordina con m\u00e9dicos, enfermeros\/as, cuerpos de bomberos, fuerzas de seguridad y centros 112<\/strong> para garantizar respuestas integrales a la emergencia<\/p>\t\t\t\t\t\t\t\t<\/div>\n\t\t\t\t<\/div>\n\t\t\t\t<div class=\"elementor-element elementor-element-8ae1c41 elementor-widget elementor-widget-text-editor\" data-id=\"8ae1c41\" data-element_type=\"widget\" data-e-type=\"widget\" data-widget_type=\"text-editor.default\">\n\t\t\t\t<div class=\"elementor-widget-container\">\n\t\t\t\t\t\t\t\t\t<h2>\u00bfC\u00f3mo es la formaci\u00f3n?<\/h2>\t\t\t\t\t\t\t\t<\/div>\n\t\t\t\t<\/div>\n\t\t\t\t<div class=\"elementor-element elementor-element-3aef3b3 elementor-widget elementor-widget-image\" data-id=\"3aef3b3\" data-element_type=\"widget\" data-e-type=\"widget\" data-widget_type=\"image.default\">\n\t\t\t\t<div class=\"elementor-widget-container\">\n\t\t\t\t\t\t\t\t\t<div class=\"elementor-image\">\n\t\t\t\t\t\t\t\t\t\t\t\t\t\t\t\t\t\t\t\t\t<img fetchpriority=\"high\" decoding=\"async\" width=\"768\" height=\"1024\" src=\"https:\/\/www.escuelavitae.com\/wp-content\/uploads\/2026\/01\/IMG_7248-768x1024.jpg\" class=\"attachment-medium_large size-medium_large wp-image-1018257\" alt=\"\" srcset=\"https:\/\/www.escuelavitae.com\/wp-content\/uploads\/2026\/01\/IMG_7248-768x1024.jpg 768w, https:\/\/www.escuelavitae.com\/wp-content\/uploads\/2026\/01\/IMG_7248-225x300.jpg 225w, https:\/\/www.escuelavitae.com\/wp-content\/uploads\/2026\/01\/IMG_7248-1152x1536.jpg 1152w, https:\/\/www.escuelavitae.com\/wp-content\/uploads\/2026\/01\/IMG_7248-1536x2048.jpg 1536w, https:\/\/www.escuelavitae.com\/wp-content\/uploads\/2026\/01\/IMG_7248-scaled.jpg 1920w\" sizes=\"(max-width: 768px) 100vw, 768px\" \/>\t\t\t\t\t\t\t\t\t\t\t\t\t\t\t\t\t\t\t\t\t\t\t\t<\/div>\n\t\t\t\t\t\t\t\t<\/div>\n\t\t\t\t<\/div>\n\t\t\t\t<div class=\"elementor-element elementor-element-103f32e elementor-widget elementor-widget-text-editor\" data-id=\"103f32e\" data-element_type=\"widget\" data-e-type=\"widget\" data-widget_type=\"text-editor.default\">\n\t\t\t\t<div class=\"elementor-widget-container\">\n\t\t\t\t\t\t\t\t\t<h3>M\u00e1s pr\u00e1ctica que nunca<\/h3>\t\t\t\t\t\t\t\t<\/div>\n\t\t\t\t<\/div>\n\t\t\t\t<div class=\"elementor-element elementor-element-2b0b691 elementor-widget elementor-widget-text-editor\" data-id=\"2b0b691\" data-element_type=\"widget\" data-e-type=\"widget\" data-widget_type=\"text-editor.default\">\n\t\t\t\t<div class=\"elementor-widget-container\">\n\t\t\t\t\t\t\t\t\t<p><span style=\"font-weight: 400;\">Una de las caracter\u00edsticas que hacen \u00fanico a este ciclo es su <strong>enfoque pr\u00e1ctico.<\/strong><\/span><\/p><h3><b>Formaci\u00f3n te\u00f3rica<\/b><\/h3><p><span style=\"font-weight: 400;\">Estudiar\u00e1s:<\/span><\/p><ul><li aria-level=\"1\"><b>Anatom\u00eda y fisiolog\u00eda<\/b><\/li><li aria-level=\"1\"><strong>Soporte vital b\u00e1sico y avanzado<\/strong><\/li><\/ul><ul><li aria-level=\"1\"><b>Legislaci\u00f3n sanitaria y \u00e9tica profesional<\/b><\/li><li aria-level=\"1\"><strong>Teleemergencias y comunicaci\u00f3n en crisis<\/strong><\/li><\/ul><ul><li style=\"font-weight: 400;\" aria-level=\"1\"><b>Gesti\u00f3n y preparaci\u00f3n de veh\u00edculos sanitarios<\/b><\/li><\/ul><p>El <strong>plan de estudios<\/strong> est\u00e1 dise\u00f1ado para <strong>cubrir todo lo que un TES necesita dominar:<\/strong><\/p><ul><li><span style=\"color: #000000;\">Mantenimiento preventivo de veh\u00edculos sanitarios<\/span><\/li><li><span style=\"color: #000000;\">Log\u00edstica sanitaria en emergencias<\/span><\/li><li><span style=\"color: #000000;\">Dotaci\u00f3n sanitaria y limpieza de material<\/span><\/li><li><span style=\"color: #000000;\">Atenci\u00f3n sanitaria inicial y especializada<\/span><\/li><li><span style=\"color: #000000;\">Evacuaci\u00f3n y traslado de pacientes<\/span><\/li><li><span style=\"color: #000000;\">Apoyo psicol\u00f3gico en situaciones de crisis<\/span><\/li><li><span style=\"color: #000000;\">Teleemergencias y procedimientos de coordinaci\u00f3n<\/span><\/li><li><span style=\"color: #000000;\">Ingl\u00e9s profesional y habilidades comunicativas<\/span><\/li><\/ul><h3><b>Formaci\u00f3n pr\u00e1ctica<\/b><\/h3><p><span style=\"font-weight: 400;\">Adem\u00e1s, la <strong>FP combina teor\u00eda con:<\/strong><\/span><\/p><ul><li><span style=\"color: #000000;\">Simulacros de urgencias<\/span><\/li><li><span style=\"color: #000000;\">Pr\u00e1cticas en ambulancias<\/span><\/li><li><span style=\"color: #000000;\">Trabajo en centros sanitarios y servicios de emergencias<\/span><\/li><li><span style=\"color: #000000;\">Puestas en escena para gestionar crisis reales<\/span><\/li><\/ul><p><span style=\"color: #000000;\">Esto te prepara para actuar, <strong>m\u00e1s all\u00e1 de memorizar contenidos<\/strong>, frente a situaciones reales donde las decisiones cuentan.<\/span><\/p><p>Una mezcla de <strong>t\u00e9cnico, humano y coordinador<\/strong>, porque ser TES exige dominar tanto las maniobras como las palabras.<\/p>\t\t\t\t\t\t\t\t<\/div>\n\t\t\t\t<\/div>\n\t\t\t\t<div class=\"elementor-element elementor-element-1cf48ac elementor-widget elementor-widget-image\" data-id=\"1cf48ac\" data-element_type=\"widget\" data-e-type=\"widget\" data-widget_type=\"image.default\">\n\t\t\t\t<div class=\"elementor-widget-container\">\n\t\t\t\t\t\t\t\t\t<div class=\"elementor-image\">\n\t\t\t\t\t\t\t\t\t\t\t\t\t\t\t\t\t\t\t\t\t<img decoding=\"async\" width=\"768\" height=\"1024\" src=\"https:\/\/www.escuelavitae.com\/wp-content\/uploads\/2026\/01\/IMG_7293-5-768x1024.jpg\" class=\"attachment-large size-large wp-image-1018253\" alt=\"\" srcset=\"https:\/\/www.escuelavitae.com\/wp-content\/uploads\/2026\/01\/IMG_7293-5-768x1024.jpg 768w, https:\/\/www.escuelavitae.com\/wp-content\/uploads\/2026\/01\/IMG_7293-5-225x300.jpg 225w, https:\/\/www.escuelavitae.com\/wp-content\/uploads\/2026\/01\/IMG_7293-5-1152x1536.jpg 1152w, https:\/\/www.escuelavitae.com\/wp-content\/uploads\/2026\/01\/IMG_7293-5-1536x2048.jpg 1536w, https:\/\/www.escuelavitae.com\/wp-content\/uploads\/2026\/01\/IMG_7293-5-scaled.jpg 1920w\" sizes=\"(max-width: 768px) 100vw, 768px\" \/>\t\t\t\t\t\t\t\t\t\t\t\t\t\t\t\t\t\t\t\t\t\t\t\t<\/div>\n\t\t\t\t\t\t\t\t<\/div>\n\t\t\t\t<\/div>\n\t\t\t\t<div class=\"elementor-element elementor-element-65ad21a elementor-widget elementor-widget-text-editor\" data-id=\"65ad21a\" data-element_type=\"widget\" data-e-type=\"widget\" data-widget_type=\"text-editor.default\">\n\t\t\t\t<div class=\"elementor-widget-container\">\n\t\t\t\t\t\t\t\t\t<h2>El M\u00e9todo Vitae: aprender haciendo, con sentido<\/h2>\t\t\t\t\t\t\t\t<\/div>\n\t\t\t\t<\/div>\n\t\t\t\t<\/div>\n\t\t<div class=\"elementor-element elementor-element-f22c426 e-flex e-con-boxed e-con e-parent\" data-id=\"f22c426\" data-element_type=\"container\" data-e-type=\"container\">\n\t\t\t\t\t<div class=\"e-con-inner\">\n\t\t\t\t<div class=\"elementor-element elementor-element-6c73f22 elementor-widget elementor-widget-text-editor\" data-id=\"6c73f22\" data-element_type=\"widget\" data-e-type=\"widget\" data-widget_type=\"text-editor.default\">\n\t\t\t\t<div class=\"elementor-widget-container\">\n\t\t\t\t\t\t\t\t\t<p>En centros como <strong>Escola Vitae<\/strong>, la formaci\u00f3n no se reduce a libros y ex\u00e1menes. Su enfoque se basa en:<\/p>\t\t\t\t\t\t\t\t<\/div>\n\t\t\t\t<\/div>\n\t\t\t\t\t<\/div>\n\t\t\t\t<\/div>\n\t\t<div class=\"elementor-element elementor-element-cb1a596 e-flex e-con-boxed e-con e-parent\" data-id=\"cb1a596\" data-element_type=\"container\" data-e-type=\"container\">\n\t\t\t\t\t<div class=\"e-con-inner\">\n\t\t<div class=\"elementor-element elementor-element-a36696d e-con-full e-flex e-con e-child\" data-id=\"a36696d\" data-element_type=\"container\" data-e-type=\"container\">\n\t\t\t\t<div class=\"elementor-element elementor-element-8c4132f elementor-widget elementor-widget-text-editor\" data-id=\"8c4132f\" data-element_type=\"widget\" data-e-type=\"widget\" data-widget_type=\"text-editor.default\">\n\t\t\t\t<div class=\"elementor-widget-container\">\n\t\t\t\t\t\t\t\t\t<ul><li aria-level=\"1\"><span style=\"color: #000000;\"><b>Atenci\u00f3n al alumnado con aprendizaje activo centrado en situaciones reales.<\/b><\/span><\/li><li aria-level=\"1\"><span style=\"color: #000000;\"><b>Primero pr\u00e1ctica, despu\u00e9s teor\u00eda. <\/b>Entrena la mente y el cuerpo para saber actuar bajo estr\u00e9s.<\/span><\/li><li aria-level=\"1\"><span style=\"color: #000000;\"><b>Conexi\u00f3n con el mundo profesional <\/b>mediante pr\u00e1cticas en empresas colaboradoras.<\/span><\/li><\/ul>\t\t\t\t\t\t\t\t<\/div>\n\t\t\t\t<\/div>\n\t\t\t\t<\/div>\n\t\t<div class=\"elementor-element elementor-element-71a1803 e-con-full e-flex e-con e-child\" data-id=\"71a1803\" data-element_type=\"container\" data-e-type=\"container\">\n\t\t\t\t<div class=\"elementor-element elementor-element-c9c7ce8 elementor-widget elementor-widget-image\" data-id=\"c9c7ce8\" data-element_type=\"widget\" data-e-type=\"widget\" data-widget_type=\"image.default\">\n\t\t\t\t<div class=\"elementor-widget-container\">\n\t\t\t\t\t\t\t\t\t<div class=\"elementor-image\">\n\t\t\t\t\t\t\t\t\t\t\t\t\t\t\t\t\t\t\t\t\t<img decoding=\"async\" width=\"678\" height=\"380\" src=\"https:\/\/www.escuelavitae.com\/wp-content\/uploads\/2026\/01\/Captura-de-pantalla-2026-01-21-a-las-13.04.36.png\" class=\"attachment-large size-large wp-image-1018094\" alt=\"M\u00e9todo Vitae\" srcset=\"https:\/\/www.escuelavitae.com\/wp-content\/uploads\/2026\/01\/Captura-de-pantalla-2026-01-21-a-las-13.04.36.png 678w, https:\/\/www.escuelavitae.com\/wp-content\/uploads\/2026\/01\/Captura-de-pantalla-2026-01-21-a-las-13.04.36-300x168.png 300w\" sizes=\"(max-width: 678px) 100vw, 678px\" \/>\t\t\t\t\t\t\t\t\t\t\t\t\t\t\t\t\t\t\t\t\t\t\t\t<\/div>\n\t\t\t\t\t\t\t\t<\/div>\n\t\t\t\t<\/div>\n\t\t\t\t<\/div>\n\t\t\t\t\t<\/div>\n\t\t\t\t<\/div>\n\t\t<div class=\"elementor-element elementor-element-e08aefa e-flex e-con-boxed e-con e-parent\" data-id=\"e08aefa\" data-element_type=\"container\" data-e-type=\"container\">\n\t\t\t\t\t<div class=\"e-con-inner\">\n\t\t\t\t<div class=\"elementor-element elementor-element-99ddb4e elementor-widget elementor-widget-text-editor\" data-id=\"99ddb4e\" data-element_type=\"widget\" data-e-type=\"widget\" data-widget_type=\"text-editor.default\">\n\t\t\t\t<div class=\"elementor-widget-container\">\n\t\t\t\t\t\t\t\t\t<h3><span style=\"color: #00cf58;\"><span style=\"font-weight: 400;\">Esta forma de ense\u00f1ar evita quedarse\u00bbsolo con la teor\u00eda\u201d: <strong>te prepara para verdaderas urgencias, <\/strong>donde cada gesto cuenta. <\/span><\/span><\/h3>\t\t\t\t\t\t\t\t<\/div>\n\t\t\t\t<\/div>\n\t\t\t\t\t<\/div>\n\t\t\t\t<\/div>\n\t\t<div class=\"elementor-element elementor-element-7453f49 e-flex e-con-boxed e-con e-parent\" data-id=\"7453f49\" data-element_type=\"container\" data-e-type=\"container\">\n\t\t\t\t\t<div class=\"e-con-inner\">\n\t\t\t\t<div class=\"elementor-element elementor-element-2ab64cc elementor-widget elementor-widget-spacer\" data-id=\"2ab64cc\" data-element_type=\"widget\" data-e-type=\"widget\" data-widget_type=\"spacer.default\">\n\t\t\t\t<div class=\"elementor-widget-container\">\n\t\t\t\t\t\t\t<div class=\"elementor-spacer\">\n\t\t\t<div class=\"elementor-spacer-inner\"><\/div>\n\t\t<\/div>\n\t\t\t\t\t\t<\/div>\n\t\t\t\t<\/div>\n\t\t\t\t<div class=\"elementor-element elementor-element-b249d4a elementor-widget elementor-widget-text-editor\" data-id=\"b249d4a\" data-element_type=\"widget\" data-e-type=\"widget\" data-widget_type=\"text-editor.default\">\n\t\t\t\t<div class=\"elementor-widget-container\">\n\t\t\t\t\t\t\t\t\t<h3>Objetivo y competencias que desarrollar\u00e1s<\/h3>\t\t\t\t\t\t\t\t<\/div>\n\t\t\t\t<\/div>\n\t\t\t\t\t<\/div>\n\t\t\t\t<\/div>\n\t\t<div class=\"elementor-element elementor-element-525f4b2 e-flex e-con-boxed e-con e-parent\" data-id=\"525f4b2\" data-element_type=\"container\" data-e-type=\"container\">\n\t\t\t\t\t<div class=\"e-con-inner\">\n\t\t\t\t<div class=\"elementor-element elementor-element-7b86ce3 elementor-widget elementor-widget-text-editor\" data-id=\"7b86ce3\" data-element_type=\"widget\" data-e-type=\"widget\" data-widget_type=\"text-editor.default\">\n\t\t\t\t<div class=\"elementor-widget-container\">\n\t\t\t\t\t\t\t\t\t<p><span style=\"font-weight: 400;\">Al finalizar este grado medio, estar\u00e1s preparado\/a por:<\/span><\/p><ul><li style=\"font-weight: 400;\" aria-level=\"1\"><span style=\"font-weight: 400;\">Aplicar <strong>soporte vital b\u00e1sico y movilizaci\u00f3n de pacientes con seguridad. <\/strong><\/span><\/li><li style=\"font-weight: 400;\" aria-level=\"1\"><span style=\"font-weight: 400;\"><span style=\"font-weight: 400;\">Colaborar en la <strong>clasificaci\u00f3n de v\u00edctimas en emergencias y cat\u00e1strofes.<\/strong><\/span><\/span><\/li><li style=\"font-weight: 400;\" aria-level=\"1\">Utilizar correctamente equipos sanitarios y veh\u00edculos de emergencia.<\/li><li style=\"font-weight: 400;\" aria-level=\"1\">Atender no s\u00f3lo <strong>f\u00edsicamente<\/strong>, sino tambi\u00e9n <strong>psicol\u00f3gicamente<\/strong>, a la persona en crisis.<\/li><li style=\"font-weight: 400;\" aria-level=\"1\">Interactuar y coordinar con profesionales sanitarios y servicios p\u00fablicos.<\/li><\/ul><p><strong>Esto te convierte en un profesional capaz de intervenir con rapidez, seguridad y criterio, incluso cuando la presi\u00f3n es m\u00e1xima.<\/strong><\/p>\t\t\t\t\t\t\t\t<\/div>\n\t\t\t\t<\/div>\n\t\t\t\t\t<\/div>\n\t\t\t\t<\/div>\n\t\t<div class=\"elementor-element elementor-element-1815565 e-flex e-con-boxed e-con e-parent\" data-id=\"1815565\" data-element_type=\"container\" data-e-type=\"container\">\n\t\t\t\t\t<div class=\"e-con-inner\">\n\t\t\t\t<div class=\"elementor-element elementor-element-222a40b elementor-widget elementor-widget-text-editor\" data-id=\"222a40b\" data-element_type=\"widget\" data-e-type=\"widget\" data-widget_type=\"text-editor.default\">\n\t\t\t\t<div class=\"elementor-widget-container\">\n\t\t\t\t\t\t\t\t\t<h2>FAQ\u2019s<\/h2>\t\t\t\t\t\t\t\t<\/div>\n\t\t\t\t<\/div>\n\t\t\t\t\t<\/div>\n\t\t\t\t<\/div>\n\t\t<div class=\"elementor-element elementor-element-5387e5a e-flex e-con-boxed e-con e-parent\" data-id=\"5387e5a\" data-element_type=\"container\" data-e-type=\"container\">\n\t\t\t\t\t<div class=\"e-con-inner\">\n\t\t\t\t<div class=\"elementor-element elementor-element-23bcdcd elementor-widget elementor-widget-text-editor\" data-id=\"23bcdcd\" data-element_type=\"widget\" data-e-type=\"widget\" data-widget_type=\"text-editor.default\">\n\t\t\t\t<div class=\"elementor-widget-container\">\n\t\t\t\t\t\t\t\t\t<h3>Requisitos de acceso y c\u00f3mo prepararte<\/h3>\t\t\t\t\t\t\t\t<\/div>\n\t\t\t\t<\/div>\n\t\t\t\t<div class=\"elementor-element elementor-element-01c72f9 elementor-widget elementor-widget-text-editor\" data-id=\"01c72f9\" data-element_type=\"widget\" data-e-type=\"widget\" data-widget_type=\"text-editor.default\">\n\t\t\t\t<div class=\"elementor-widget-container\">\n\t\t\t\t\t\t\t\t\t<p>Para acceder a este ciclo formativo de grado medio necesitas:<\/p><ul><li>Tener la <strong>ESO<\/strong> o equivalente.<\/li><li>O superar la <strong>prueba de acceso a grado medio<\/strong> si no tienes esta titulaci\u00f3n.\u00a0<\/li><\/ul><p>En algunos casos, puedes encontrar <strong>modalidades presenciales, semipresenciales o incluso online<\/strong>, lo que facilita compaginar estudios y vida personal o laboral.<\/p>\t\t\t\t\t\t\t\t<\/div>\n\t\t\t\t<\/div>\n\t\t\t\t\t<\/div>\n\t\t\t\t<\/div>\n\t\t<div class=\"elementor-element elementor-element-bebd37a e-flex e-con-boxed e-con e-parent\" data-id=\"bebd37a\" data-element_type=\"container\" data-e-type=\"container\">\n\t\t\t\t\t<div class=\"e-con-inner\">\n\t\t\t\t<div class=\"elementor-element elementor-element-9f3a109 elementor-widget elementor-widget-spacer\" data-id=\"9f3a109\" data-element_type=\"widget\" data-e-type=\"widget\" data-widget_type=\"spacer.default\">\n\t\t\t\t<div class=\"elementor-widget-container\">\n\t\t\t\t\t\t\t<div class=\"elementor-spacer\">\n\t\t\t<div class=\"elementor-spacer-inner\"><\/div>\n\t\t<\/div>\n\t\t\t\t\t\t<\/div>\n\t\t\t\t<\/div>\n\t\t\t\t<div class=\"elementor-element elementor-element-ba77aaa elementor-widget elementor-widget-text-editor\" data-id=\"ba77aaa\" data-element_type=\"widget\" data-e-type=\"widget\" data-widget_type=\"text-editor.default\">\n\t\t\t\t<div class=\"elementor-widget-container\">\n\t\t\t\t\t\t\t\t\t<h3>La jornada laboral real d\u2019un TES<\/h3>\t\t\t\t\t\t\t\t<\/div>\n\t\t\t\t<\/div>\n\t\t\t\t\t<\/div>\n\t\t\t\t<\/div>\n\t\t<div class=\"elementor-element elementor-element-fd52b06 e-flex e-con-boxed e-con e-parent\" data-id=\"fd52b06\" data-element_type=\"container\" data-e-type=\"container\">\n\t\t\t\t\t<div class=\"e-con-inner\">\n\t\t\t\t<div class=\"elementor-element elementor-element-f370daf elementor-widget elementor-widget-text-editor\" data-id=\"f370daf\" data-element_type=\"widget\" data-e-type=\"widget\" data-widget_type=\"text-editor.default\">\n\t\t\t\t<div class=\"elementor-widget-container\">\n\t\t\t\t\t\t\t\t\t<p><span style=\"color: #000000;\">Seg\u00fan FP Santa Gema, el trabajo del TES suele organizarse en <strong>turnos largos de 24 horas<\/strong>, aunque puede variar seg\u00fan la comunidad o la empresa. Despu\u00e9s de una guardia, a menudo se descansan varios d\u00edas seguidos como <strong>24\u00d772 horas o 24\u00d748 horas.<\/strong><\/span><\/p><p><span style=\"color: #000000;\">Es importante entender que un turno de 24 horas<strong> no significa estar activo todo el tiempo.<\/strong> Los TES disponen de zonas de descanso en hospitales o bases donde pueden recuperar fuerzas cuando no existen avisos.<\/span><\/p>\t\t\t\t\t\t\t\t<\/div>\n\t\t\t\t<\/div>\n\t\t\t\t<div class=\"elementor-element elementor-element-9824e20 elementor-widget elementor-widget-text-editor\" data-id=\"9824e20\" data-element_type=\"widget\" data-e-type=\"widget\" data-widget_type=\"text-editor.default\">\n\t\t\t\t<div class=\"elementor-widget-container\">\n\t\t\t\t\t\t\t\t\t<p><span style=\"font-weight: 400;\">La jornada t\u00edpica puede dividirse as\u00ed:<\/span><\/p><ul><li style=\"font-weight: 400;\" aria-level=\"1\"><b><b>Antes del servicio: <\/b><\/b>revisi\u00f3n y preparaci\u00f3n del material y de la ambulancia<\/li><li style=\"font-weight: 400;\" aria-level=\"1\"><strong>Durante el servicio<\/strong>: intervenci\u00f3n en emergencias, traslados, valoraci\u00f3n y estabilizaci\u00f3n<\/li><li style=\"font-weight: 400;\" aria-level=\"1\"><strong>Despu\u00e9s de cada aviso<\/strong>: limpiar, reorganizar y documentar lo ocurrido<\/li><\/ul>\t\t\t\t\t\t\t\t<\/div>\n\t\t\t\t<\/div>\n\t\t\t\t<div class=\"elementor-element elementor-element-9af4799 elementor-widget elementor-widget-image\" data-id=\"9af4799\" data-element_type=\"widget\" data-e-type=\"widget\" data-widget_type=\"image.default\">\n\t\t\t\t<div class=\"elementor-widget-container\">\n\t\t\t\t\t\t\t\t\t<div class=\"elementor-image\">\n\t\t\t\t\t\t\t\t\t\t\t\t\t\t\t\t\t\t\t\t\t<img loading=\"lazy\" decoding=\"async\" width=\"1024\" height=\"768\" src=\"https:\/\/www.escuelavitae.com\/wp-content\/uploads\/2026\/01\/IMG_8022-2-1024x768.jpg\" class=\"attachment-large size-large wp-image-1018249\" alt=\"\" srcset=\"https:\/\/www.escuelavitae.com\/wp-content\/uploads\/2026\/01\/IMG_8022-2-1024x768.jpg 1024w, https:\/\/www.escuelavitae.com\/wp-content\/uploads\/2026\/01\/IMG_8022-2-300x225.jpg 300w, https:\/\/www.escuelavitae.com\/wp-content\/uploads\/2026\/01\/IMG_8022-2-768x576.jpg 768w, https:\/\/www.escuelavitae.com\/wp-content\/uploads\/2026\/01\/IMG_8022-2-1536x1152.jpg 1536w, https:\/\/www.escuelavitae.com\/wp-content\/uploads\/2026\/01\/IMG_8022-2-2048x1536.jpg 2048w\" sizes=\"(max-width: 1024px) 100vw, 1024px\" \/>\t\t\t\t\t\t\t\t\t\t\t\t\t\t\t\t\t\t\t\t\t\t\t\t<\/div>\n\t\t\t\t\t\t\t\t<\/div>\n\t\t\t\t<\/div>\n\t\t\t\t\t<\/div>\n\t\t\t\t<\/div>\n\t\t<div class=\"elementor-element elementor-element-15cefc1 e-flex e-con-boxed e-con e-parent\" data-id=\"15cefc1\" data-element_type=\"container\" data-e-type=\"container\">\n\t\t\t\t\t<div class=\"e-con-inner\">\n\t\t\t\t<div class=\"elementor-element elementor-element-5f7e18f elementor-widget elementor-widget-text-editor\" data-id=\"5f7e18f\" data-element_type=\"widget\" data-e-type=\"widget\" data-widget_type=\"text-editor.default\">\n\t\t\t\t<div class=\"elementor-widget-container\">\n\t\t\t\t\t\t\t\t\t<h2>Salidas profesionales del TES: d\u00f3nde puedes trabajar<\/h2>\t\t\t\t\t\t\t\t<\/div>\n\t\t\t\t<\/div>\n\t\t\t\t<div class=\"elementor-element elementor-element-0bcd3a4 elementor-widget elementor-widget-text-editor\" data-id=\"0bcd3a4\" data-element_type=\"widget\" data-e-type=\"widget\" data-widget_type=\"text-editor.default\">\n\t\t\t\t<div class=\"elementor-widget-container\">\n\t\t\t\t\t\t\t\t\t<p>El t\u00edtulo de <strong>T\u00e9cnico\/a en Emergencias Sanitarias<\/strong> abre m\u00faltiples puertas en el sector de la salud y la atenci\u00f3n de emergencias:<\/p><ul><li><strong>T\u00e9cnico\/a en transporte sanitario<\/strong><br \/>Trabajar en ambulancias tanto p\u00fablicas como privadas, asistiendo y trasladando a pacientes.<\/li><li><strong>Teleoperador\/a en centros de emergencia<\/strong><br \/>Atender llamadas de emergencia y coordinar recursos desde centros 112\/061.<\/li><li><strong>Servicios de protecci\u00f3n civil<\/strong><br \/>Participar en planes de emergencia, eventos multitudinarios o cat\u00e1strofes.<\/li><li><strong>Unidades de apoyo en hospitales o centros sanitarios<\/strong><br \/>Colaborar en servicios que requieran atenci\u00f3n inicial, log\u00edstica o traslado de pacientes.<\/li><\/ul><p>Adem\u00e1s, este t\u00edtulo<strong> permite seguir form\u00e1ndote en ciclos superiores o especializaciones sanitarias<\/strong>, lo que le convierte en un punto de partida s\u00f3lido para una carrera profesional con sentido.<\/p>\t\t\t\t\t\t\t\t<\/div>\n\t\t\t\t<\/div>\n\t\t\t\t<div class=\"elementor-element elementor-element-8f7f8d3 elementor-widget elementor-widget-text-editor\" data-id=\"8f7f8d3\" data-element_type=\"widget\" data-e-type=\"widget\" data-widget_type=\"text-editor.default\">\n\t\t\t\t<div class=\"elementor-widget-container\">\n\t\t\t\t\t\t\t\t\t<h3>\u00bfY la empleabilidad? Realidades y oportunidades<\/h3>\t\t\t\t\t\t\t\t<\/div>\n\t\t\t\t<\/div>\n\t\t\t\t<div class=\"elementor-element elementor-element-b91ea43 elementor-widget elementor-widget-text-editor\" data-id=\"b91ea43\" data-element_type=\"widget\" data-e-type=\"widget\" data-widget_type=\"text-editor.default\">\n\t\t\t\t<div class=\"elementor-widget-container\">\n\t\t\t\t\t\t\t\t\t<p>Hoy en d\u00eda, los TES son profesionales<strong> altamente demandados en el sector sanitario y emergencias.<\/strong> La atenci\u00f3n prehospitalaria es un componente esencial de los sistemas de salud p\u00fablicos y privados, lo que se traduce en oportunidades laborales tanto en grandes ciudades como en zonas rurales.<\/p><p>Seg\u00fan estudios y experiencias profesionales, muchos TES trabajan en colaboraci\u00f3n directa con otros servicios sanitarios, reforzando el papel de este perfil como <strong>pilar de atenci\u00f3n fuera del hospital.<\/strong><\/p>\t\t\t\t\t\t\t\t<\/div>\n\t\t\t\t<\/div>\n\t\t\t\t<div class=\"elementor-element elementor-element-3d3eb30 elementor-widget elementor-widget-text-editor\" data-id=\"3d3eb30\" data-element_type=\"widget\" data-e-type=\"widget\" data-widget_type=\"text-editor.default\">\n\t\t\t\t<div class=\"elementor-widget-container\">\n\t\t\t\t\t\t\t\t\t<p><em><span style=\"color: #00cf58;\"><span style=\"font-weight: 400;\"><strong>En definitiva, hablemos de una profesi\u00f3n humana, una profesi\u00f3n con prop\u00f3sito.<\/strong><br \/><\/span><\/span><\/em><\/p>\t\t\t\t\t\t\t\t<\/div>\n\t\t\t\t<\/div>\n\t\t\t\t<div class=\"elementor-element elementor-element-6b3d864 elementor-widget elementor-widget-text-editor\" data-id=\"6b3d864\" data-element_type=\"widget\" data-e-type=\"widget\" data-widget_type=\"text-editor.default\">\n\t\t\t\t<div class=\"elementor-widget-container\">\n\t\t\t\t\t\t\t\t\t<p>Trabajar como TES no es una profesi\u00f3n f\u00e1cil ni de c\u00f3modos horarios. Implica:<\/p><ul><li><strong>Altos niveles de estr\u00e9s emocional<\/strong><\/li><li><strong>Exposici\u00f3n a situaciones de riesgo<\/strong><\/li><li><strong>Decisiones r\u00e1pidas bajo presi\u00f3n<\/strong><\/li><\/ul><p>Pero tambi\u00e9n ofrece algo \u00fanico: <strong>ser testigo de historias de resiliencia humana<\/strong>, ayudar a una persona a volver a casa con vida o sostener la mano de alguien asustado en uno de los peores momentos de su vida.<\/p><p>Muchos TES coinciden en una realidad: <em>su trabajo no termina cuando se apagan las sirenas. Su impacto sigue en cada historia que se llevan con ellos.<\/em><\/p><p>El <span style=\"font-weight: 400;\"><strong><span style=\"color: #00cf58;\"><a style=\"color: #00cf58;\" title=\"Grado medio en Emergencias Sanitarias\" href=\"https:\/\/www.escuelavitae.com\/es\/cursos\/cfgm-emergencias-sanitarias\/\" target=\"_blank\" rel=\"noopener\">Grado medio en Emergencias Sanitarias<\/a><\/span><\/strong><\/span> no es s\u00f3lo una FP m\u00e1s: <strong>es una formaci\u00f3n que te prepara para estar cuando m\u00e1s falta hace.<\/strong><\/p><p>No s\u00f3lo aprendes protocolos y t\u00e9cnicas, sino tambi\u00e9n <strong>a mantener la calma cuando otros la pierden, a coordinar soluciones en medio del caos y a ofrecer seguridad cuando reina la incertidumbre.<\/strong><\/p><p>\u00a0<\/p>\t\t\t\t\t\t\t\t<\/div>\n\t\t\t\t<\/div>\n\t\t\t\t<div class=\"elementor-element elementor-element-9c255e1 elementor-widget elementor-widget-text-editor\" data-id=\"9c255e1\" data-element_type=\"widget\" data-e-type=\"widget\" data-widget_type=\"text-editor.default\">\n\t\t\t\t<div class=\"elementor-widget-container\">\n\t\t\t\t\t\t\t\t\t<h3><span style=\"color: #00cf58;\"><span style=\"font-weight: 400;\">Si sientes esta <strong>vocaci\u00f3n de ayudar, marcar la diferencia, responder cuando otros piden auxilio<\/strong>, este ciclo puede ser el camino que est\u00e1s buscando.<\/span><\/span><\/h3>\t\t\t\t\t\t\t\t<\/div>\n\t\t\t\t<\/div>\n\t\t\t\t\t<\/div>\n\t\t\t\t<\/div>\n\t\t\t\t<\/div>\n\t\t","protected":false},"excerpt":{"rendered":"<p>Entre sirenas, humanidad y formaci\u00f3n profesional \u201c\u2026La llamada entr\u00f3 a las 23:12. Voz temblorosa, sin palabras claras\u2026 solo miedo. La persona colg\u00f3 antes de poder dar datos precisos. Luego que sent\u00ed el tono de la alarma, supe que ser\u00eda una noche intensa.\u201d As\u00ed empieza un turno m\u00e1s para la Mar\u00eda, T\u00e9cnica en Emergencias Sanitarias (TES)&#8230;.<\/p>\n","protected":false},"author":11,"featured_media":1018229,"comment_status":"closed","ping_status":"closed","sticky":false,"template":"","format":"standard","meta":{"om_disable_all_campaigns":false,"footnotes":""},"categories":[618],"tags":[],"class_list":["post-1018274","post","type-post","status-publish","format-standard","has-post-thumbnail","hentry","category-ce-salud"],"aioseo_notices":[],"_links":{"self":[{"href":"https:\/\/www.escuelavitae.com\/es\/wp-json\/wp\/v2\/posts\/1018274","targetHints":{"allow":["GET"]}}],"collection":[{"href":"https:\/\/www.escuelavitae.com\/es\/wp-json\/wp\/v2\/posts"}],"about":[{"href":"https:\/\/www.escuelavitae.com\/es\/wp-json\/wp\/v2\/types\/post"}],"author":[{"embeddable":true,"href":"https:\/\/www.escuelavitae.com\/es\/wp-json\/wp\/v2\/users\/11"}],"replies":[{"embeddable":true,"href":"https:\/\/www.escuelavitae.com\/es\/wp-json\/wp\/v2\/comments?post=1018274"}],"version-history":[{"count":6,"href":"https:\/\/www.escuelavitae.com\/es\/wp-json\/wp\/v2\/posts\/1018274\/revisions"}],"predecessor-version":[{"id":1018307,"href":"https:\/\/www.escuelavitae.com\/es\/wp-json\/wp\/v2\/posts\/1018274\/revisions\/1018307"}],"wp:featuredmedia":[{"embeddable":true,"href":"https:\/\/www.escuelavitae.com\/es\/wp-json\/wp\/v2\/media\/1018229"}],"wp:attachment":[{"href":"https:\/\/www.escuelavitae.com\/es\/wp-json\/wp\/v2\/media?parent=1018274"}],"wp:term":[{"taxonomy":"category","embeddable":true,"href":"https:\/\/www.escuelavitae.com\/es\/wp-json\/wp\/v2\/categories?post=1018274"},{"taxonomy":"post_tag","embeddable":true,"href":"https:\/\/www.escuelavitae.com\/es\/wp-json\/wp\/v2\/tags?post=1018274"}],"curies":[{"name":"wp","href":"https:\/\/api.w.org\/{rel}","templated":true}]}}