{"id":1017430,"date":"2025-11-11T16:04:44","date_gmt":"2025-11-11T15:04:44","guid":{"rendered":"https:\/\/www.escuelavitae.com\/internacionalitzacio-educacio-obrim-les-aules-al-mon\/"},"modified":"2026-04-01T13:13:42","modified_gmt":"2026-04-01T11:13:42","slug":"internacionalizacion-mobility-erasmus","status":"publish","type":"post","link":"https:\/\/www.escuelavitae.com\/es\/internacionalizacion-mobility-erasmus\/","title":{"rendered":"Programs de movilidad internacional de la Escuela Universitaria del Deporte Vitae"},"content":{"rendered":"\t\t<div data-elementor-type=\"wp-post\" data-elementor-id=\"1017430\" class=\"elementor elementor-1017430 elementor-1017385\" data-elementor-post-type=\"post\">\n\t\t\t\t<div class=\"elementor-element elementor-element-12765f47 e-flex e-con-boxed e-con e-parent\" data-id=\"12765f47\" data-element_type=\"container\" data-e-type=\"container\">\n\t\t\t\t\t<div class=\"e-con-inner\">\n\t\t\t\t<div class=\"elementor-element elementor-element-60db707 elementor-widget elementor-widget-text-editor\" data-id=\"60db707\" data-element_type=\"widget\" data-e-type=\"widget\" data-widget_type=\"text-editor.default\">\n\t\t\t\t<div class=\"elementor-widget-container\">\n\t\t\t\t\t\t\t\t\t<h2>El futuro habla idiomas, conecta culturas, comparte experiencias e intercambia talento.\u00a0<\/h2><p class=\"\" data-start=\"261\" data-end=\"603\">\u00a0<\/p>\t\t\t\t\t\t\t\t<\/div>\n\t\t\t\t<\/div>\n\t\t\t\t\t<\/div>\n\t\t\t\t<\/div>\n\t\t<div class=\"elementor-element elementor-element-3890c72 e-flex e-con-boxed e-con e-parent\" data-id=\"3890c72\" data-element_type=\"container\" data-e-type=\"container\">\n\t\t\t\t\t<div class=\"e-con-inner\">\n\t\t\t\t<div class=\"elementor-element elementor-element-48db772 elementor-widget elementor-widget-text-editor\" data-id=\"48db772\" data-element_type=\"widget\" data-e-type=\"widget\" data-widget_type=\"text-editor.default\">\n\t\t\t\t<div class=\"elementor-widget-container\">\n\t\t\t\t\t\t\t\t\t<p><span style=\"font-weight: 400;\">La internacionalizaci\u00f3n en educaci\u00f3n ya no es \u201cun extra\u201d: <\/span><b>es una competencia clave<\/b><span style=\"font-weight: 400;\"> para aprender, convivir y trabajar en una sociedad global. Juntos, llegamos m\u00e1s lejos.<\/span><\/p><p><span style=\"font-weight: 400;\">Desde primaria y secundaria hasta la universidad, <\/span><b>abrir las aulas en el mundo<\/b> <b>enriquece la experiencia educativa<\/b><span style=\"font-weight: 400;\"> y prepara mejor al alumnado para los retos reales. As\u00ed lo ha defendido <span style=\"color: #00cf58;\"><a style=\"color: #00cf58;\" title=\"Mari\u00e0 Pasarello\" href=\"https:\/\/www.escuelavitae.com\/es\/docentes\/mariano-pasarello\/\" target=\"_blank\" rel=\"noopener\">Mari\u00e0 Pasarello,<\/a><\/span><\/span><span style=\"font-weight: 400;\"> profesor del Grado en Ciencias de la Actividad F\u00edsica y el Deporte (CAFD) y responsable de la <\/span><b>Oficina de Global Affairs (OGA) de Vitae<\/b><span style=\"font-weight: 400;\">, invitado en el International Workshop del Grado de CAFD organizado por <span style=\"color: #00cf58;\"><a style=\"color: #00cf58;\" title=\"Fontys University\" href=\"https:\/\/www.fontys.nl\/en\/Home.htm\" target=\"_blank\" rel=\"noopener\">Fontys University<\/a><\/span><\/span><span style=\"font-weight: 400;\">\u00a0en Eindhoven (Pa\u00edses Bajos).<\/span><\/p>\t\t\t\t\t\t\t\t<\/div>\n\t\t\t\t<\/div>\n\t\t\t\t\t<\/div>\n\t\t\t\t<\/div>\n\t\t<div class=\"elementor-element elementor-element-7b620e8 e-flex e-con-boxed e-con e-parent\" data-id=\"7b620e8\" data-element_type=\"container\" data-e-type=\"container\">\n\t\t\t\t\t<div class=\"e-con-inner\">\n\t\t\t\t<div class=\"elementor-element elementor-element-c8b451f elementor-widget elementor-widget-spacer\" data-id=\"c8b451f\" data-element_type=\"widget\" data-e-type=\"widget\" data-widget_type=\"spacer.default\">\n\t\t\t\t<div class=\"elementor-widget-container\">\n\t\t\t\t\t\t\t<div class=\"elementor-spacer\">\n\t\t\t<div class=\"elementor-spacer-inner\"><\/div>\n\t\t<\/div>\n\t\t\t\t\t\t<\/div>\n\t\t\t\t<\/div>\n\t\t\t\t<div class=\"elementor-element elementor-element-b75245e elementor-widget elementor-widget-text-editor\" data-id=\"b75245e\" data-element_type=\"widget\" data-e-type=\"widget\" data-widget_type=\"text-editor.default\">\n\t\t\t\t<div class=\"elementor-widget-container\">\n\t\t\t\t\t\t\t\t\t<h3>\u00bfQu\u00e9 te aporta vivir una experiencia formativa internacional?<\/h3>\t\t\t\t\t\t\t\t<\/div>\n\t\t\t\t<\/div>\n\t\t\t\t\t<\/div>\n\t\t\t\t<\/div>\n\t\t<div class=\"elementor-element elementor-element-2d3f674 e-flex e-con-boxed e-con e-parent\" data-id=\"2d3f674\" data-element_type=\"container\" data-e-type=\"container\">\n\t\t\t\t\t<div class=\"e-con-inner\">\n\t\t\t\t<div class=\"elementor-element elementor-element-d44b08f elementor-widget elementor-widget-text-editor\" data-id=\"d44b08f\" data-element_type=\"widget\" data-e-type=\"widget\" data-widget_type=\"text-editor.default\">\n\t\t\t\t<div class=\"elementor-widget-container\">\n\t\t\t\t\t\t\t\t\t<p><span style=\"font-weight: 400;\">Cre\u00edas que ibas a conocer una ciudad, a practicar el idioma\u2026, y acabas descubriendo una nueva versi\u00f3n de ti mismo\/a.<\/span><\/p>\t\t\t\t\t\t\t\t<\/div>\n\t\t\t\t<\/div>\n\t\t\t\t\t<\/div>\n\t\t\t\t<\/div>\n\t\t<div class=\"elementor-element elementor-element-f22c426 e-flex e-con-boxed e-con e-parent\" data-id=\"f22c426\" data-element_type=\"container\" data-e-type=\"container\">\n\t\t\t\t\t<div class=\"e-con-inner\">\n\t\t\t\t<div class=\"elementor-element elementor-element-2fba5be elementor-widget elementor-widget-spacer\" data-id=\"2fba5be\" data-element_type=\"widget\" data-e-type=\"widget\" data-widget_type=\"spacer.default\">\n\t\t\t\t<div class=\"elementor-widget-container\">\n\t\t\t\t\t\t\t<div class=\"elementor-spacer\">\n\t\t\t<div class=\"elementor-spacer-inner\"><\/div>\n\t\t<\/div>\n\t\t\t\t\t\t<\/div>\n\t\t\t\t<\/div>\n\t\t\t\t<div class=\"elementor-element elementor-element-97d58a5 elementor-widget elementor-widget-text-editor\" data-id=\"97d58a5\" data-element_type=\"widget\" data-e-type=\"widget\" data-widget_type=\"text-editor.default\">\n\t\t\t\t<div class=\"elementor-widget-container\">\n\t\t\t\t\t\t\t\t\t<blockquote><h2 data-start=\"2965\" data-end=\"3358\">Estudiar en el extranjero te transforma: te traza un nuevo camino, te ampl\u00eda la red de alianzas y te da confianza.<\/h2><\/blockquote>\t\t\t\t\t\t\t\t<\/div>\n\t\t\t\t<\/div>\n\t\t\t\t<div class=\"elementor-element elementor-element-2552e7d elementor-widget elementor-widget-spacer\" data-id=\"2552e7d\" data-element_type=\"widget\" data-e-type=\"widget\" data-widget_type=\"spacer.default\">\n\t\t\t\t<div class=\"elementor-widget-container\">\n\t\t\t\t\t\t\t<div class=\"elementor-spacer\">\n\t\t\t<div class=\"elementor-spacer-inner\"><\/div>\n\t\t<\/div>\n\t\t\t\t\t\t<\/div>\n\t\t\t\t<\/div>\n\t\t\t\t\t<\/div>\n\t\t\t\t<\/div>\n\t\t<div class=\"elementor-element elementor-element-3f0aa81 e-flex e-con-boxed e-con e-parent\" data-id=\"3f0aa81\" data-element_type=\"container\" data-e-type=\"container\">\n\t\t\t\t\t<div class=\"e-con-inner\">\n\t\t\t\t<div class=\"elementor-element elementor-element-2b0b691 elementor-widget elementor-widget-text-editor\" data-id=\"2b0b691\" data-element_type=\"widget\" data-e-type=\"widget\" data-widget_type=\"text-editor.default\">\n\t\t\t\t<div class=\"elementor-widget-container\">\n\t\t\t\t\t\t\t\t\t<p><span style=\"font-weight: 400;\">Ir a estudiar fuera es mucho m\u00e1s que poner un pin en el mapa.<\/span><\/p><p><span style=\"font-weight: 400;\">Cuando hablamos de movilidad internacional hablamos de una experiencia de desarrollo personal y profesional que reordena c\u00f3mo piensas y c\u00f3mo miras al mundo; una vivencia que te quedar\u00e1 para siempre.<\/span><\/p><p><span style=\"font-weight: 400;\">Y s\u00ed, los primeros d\u00edas pesan, pero las ventajas de una estancia en otro pa\u00eds hablan solos:<\/span><\/p><ul><li style=\"font-weight: 400;\" aria-level=\"1\"><b>Idiomas reales<\/b><span style=\"font-weight: 400;\">: fluidez y vocabulario de contexto, no s\u00f3lo de aula.<\/span><\/li><li style=\"font-weight: 400;\" aria-level=\"1\"><b>Autonom\u00eda, resiliencia y confianza<\/b><span style=\"font-weight: 400;\">: gestionarte en un entorno nuevo te hace crecer.<\/span><\/li><li style=\"font-weight: 400;\" aria-level=\"1\"><b>Red internacional<\/b><span style=\"font-weight: 400;\">: amistades, docentes y contactos profesionales.<\/span><\/li><li style=\"font-weight: 400;\" aria-level=\"1\"><b>Empleabilidad<\/b><span style=\"font-weight: 400;\">: empresas y organizaciones valoran perfiles con mirada internacional, idiomas y capacidad de trabajar en equipos diversos y capacidad de adaptaci\u00f3n.<\/span><\/li><li style=\"font-weight: 400;\" aria-level=\"1\"><b>Competencias interculturales<\/b><span style=\"font-weight: 400;\">: comunicar, cooperar y resolver conflictos en diversidad.<\/span><\/li><li style=\"font-weight: 400;\" aria-level=\"1\"><b>Amplitud acad\u00e9mica<\/b><span style=\"font-weight: 400;\">: metodolog\u00edas, casos y perspectivas que no ten\u00edas en casa.<\/span><\/li><li style=\"font-weight: 400;\" aria-level=\"1\"><b>Ciutadania global<\/b><span style=\"font-weight: 400;\">: comprender otras realidades mejora la empat\u00eda y el compromiso social.<\/span><\/li><li style=\"font-weight: 400;\" aria-level=\"1\"><b>Visi\u00f3n de futuro:<\/b><span style=\"font-weight: 400;\"> nuevas rutas de carrera, pr\u00e1cticas y proyectos globales.<\/span><\/li><\/ul>\t\t\t\t\t\t\t\t<\/div>\n\t\t\t\t<\/div>\n\t\t\t\t\t<\/div>\n\t\t\t\t<\/div>\n\t\t<div class=\"elementor-element elementor-element-792a434 e-flex e-con-boxed e-con e-parent\" data-id=\"792a434\" data-element_type=\"container\" data-e-type=\"container\">\n\t\t\t\t\t<div class=\"e-con-inner\">\n\t\t\t\t<div class=\"elementor-element elementor-element-3a19638 elementor-widget elementor-widget-text-editor\" data-id=\"3a19638\" data-element_type=\"widget\" data-e-type=\"widget\" data-widget_type=\"text-editor.default\">\n\t\t\t\t<div class=\"elementor-widget-container\">\n\t\t\t\t\t\t\t\t\t<h2>El deporte, impulsor de la internacionalizaci\u00f3n en el aula y fuera de ella<\/h2>\t\t\t\t\t\t\t\t<\/div>\n\t\t\t\t<\/div>\n\t\t\t\t\t<\/div>\n\t\t\t\t<\/div>\n\t\t<div class=\"elementor-element elementor-element-cb1a596 e-flex e-con-boxed e-con e-parent\" data-id=\"cb1a596\" data-element_type=\"container\" data-e-type=\"container\">\n\t\t\t\t\t<div class=\"e-con-inner\">\n\t\t<div class=\"elementor-element elementor-element-a36696d e-con-full e-flex e-con e-child\" data-id=\"a36696d\" data-element_type=\"container\" data-e-type=\"container\">\n\t\t\t\t<div class=\"elementor-element elementor-element-8c4132f elementor-widget elementor-widget-text-editor\" data-id=\"8c4132f\" data-element_type=\"widget\" data-e-type=\"widget\" data-widget_type=\"text-editor.default\">\n\t\t\t\t<div class=\"elementor-widget-container\">\n\t\t\t\t\t\t\t\t\t<p data-start=\"2965\" data-end=\"3358\"><span style=\"font-weight: 400;\">En su intervenci\u00f3n, Mari\u00e0 Pasarello ha subrayado c\u00f3mo la <\/span><b>educaci\u00f3n f\u00edsica y el deporte juegan un papel clave en este proceso,<\/b><span style=\"font-weight: 400;\"> actuando como \u201clenguaje universal\u201d que favorece la inclusi\u00f3n, el trabajo en equipo intercultural y la comprensi\u00f3n mutua entre estudiantes de distintos or\u00edgenes.<\/span><\/p>\t\t\t\t\t\t\t\t<\/div>\n\t\t\t\t<\/div>\n\t\t\t\t<\/div>\n\t\t<div class=\"elementor-element elementor-element-71a1803 e-con-full e-flex e-con e-child\" data-id=\"71a1803\" data-element_type=\"container\" data-e-type=\"container\">\n\t\t\t\t<div class=\"elementor-element elementor-element-c9c7ce8 elementor-widget elementor-widget-image\" data-id=\"c9c7ce8\" data-element_type=\"widget\" data-e-type=\"widget\" data-widget_type=\"image.default\">\n\t\t\t\t<div class=\"elementor-widget-container\">\n\t\t\t\t\t\t\t\t\t<div class=\"elementor-image\">\n\t\t\t\t\t\t\t\t\t\t\t\t\t\t\t\t\t\t\t\t\t<img decoding=\"async\" src=\"https:\/\/www.escuelavitae.com\/wp-content\/uploads\/2025\/11\/sports-fontys-university-e1762873344961.jpg\" title=\"sports-fontys-university\" alt=\"Balones antiguos, Fontys University\" loading=\"lazy\" \/>\t\t\t\t\t\t\t\t\t\t\t\t\t\t\t\t\t\t\t\t\t\t\t\t<\/div>\n\t\t\t\t\t\t\t\t<\/div>\n\t\t\t\t<\/div>\n\t\t\t\t<\/div>\n\t\t\t\t\t<\/div>\n\t\t\t\t<\/div>\n\t\t<div class=\"elementor-element elementor-element-e08aefa e-flex e-con-boxed e-con e-parent\" data-id=\"e08aefa\" data-element_type=\"container\" data-e-type=\"container\">\n\t\t\t\t\t<div class=\"e-con-inner\">\n\t\t\t\t<div class=\"elementor-element elementor-element-99ddb4e elementor-widget elementor-widget-text-editor\" data-id=\"99ddb4e\" data-element_type=\"widget\" data-e-type=\"widget\" data-widget_type=\"text-editor.default\">\n\t\t\t\t<div class=\"elementor-widget-container\">\n\t\t\t\t\t\t\t\t\t<p><span style=\"font-weight: 400;\">Tambi\u00e9n ha destacado la <\/span><b>influencia y capacidad transformadora del profesorado de Educaci\u00f3n F\u00edsica<\/b><span style=\"font-weight: 400;\"> para conectar escuelas, docentes y alumnado de todo el mundo.<\/span><\/p>\t\t\t\t\t\t\t\t<\/div>\n\t\t\t\t<\/div>\n\t\t\t\t\t<\/div>\n\t\t\t\t<\/div>\n\t\t<div class=\"elementor-element elementor-element-7453f49 e-flex e-con-boxed e-con e-parent\" data-id=\"7453f49\" data-element_type=\"container\" data-e-type=\"container\">\n\t\t\t\t\t<div class=\"e-con-inner\">\n\t\t\t\t<div class=\"elementor-element elementor-element-2ab64cc elementor-widget elementor-widget-spacer\" data-id=\"2ab64cc\" data-element_type=\"widget\" data-e-type=\"widget\" data-widget_type=\"spacer.default\">\n\t\t\t\t<div class=\"elementor-widget-container\">\n\t\t\t\t\t\t\t<div class=\"elementor-spacer\">\n\t\t\t<div class=\"elementor-spacer-inner\"><\/div>\n\t\t<\/div>\n\t\t\t\t\t\t<\/div>\n\t\t\t\t<\/div>\n\t\t\t\t<div class=\"elementor-element elementor-element-b249d4a elementor-widget elementor-widget-text-editor\" data-id=\"b249d4a\" data-element_type=\"widget\" data-e-type=\"widget\" data-widget_type=\"text-editor.default\">\n\t\t\t\t<div class=\"elementor-widget-container\">\n\t\t\t\t\t\t\t\t\t<h3>La internacionalizaci\u00f3n como misi\u00f3n social en la educaci\u00f3n<\/h3>\t\t\t\t\t\t\t\t<\/div>\n\t\t\t\t<\/div>\n\t\t\t\t\t<\/div>\n\t\t\t\t<\/div>\n\t\t<div class=\"elementor-element elementor-element-525f4b2 e-flex e-con-boxed e-con e-parent\" data-id=\"525f4b2\" data-element_type=\"container\" data-e-type=\"container\">\n\t\t\t\t\t<div class=\"e-con-inner\">\n\t\t\t\t<div class=\"elementor-element elementor-element-7b86ce3 elementor-widget elementor-widget-text-editor\" data-id=\"7b86ce3\" data-element_type=\"widget\" data-e-type=\"widget\" data-widget_type=\"text-editor.default\">\n\t\t\t\t<div class=\"elementor-widget-container\">\n\t\t\t\t\t\t\t\t\t<p><span style=\"font-weight: 400;\">A Fontys, l\u2019itinerari formatiu <\/span><b>#LichamelijkeOpvoeding<\/b><span style=\"font-weight: 400;\"> invita a su alumnado de tercero de ALO a reflexionar sobre su identidad. El proceso se trabaja en tres etapas: primero, <\/span><b>descubrir la identidad personal<\/b><span style=\"font-weight: 400;\">; despu\u00e9s, <\/span><b>tomar conciencia de la identidad profesional<\/b><span style=\"font-weight: 400;\">; y, finalmente, <\/span><b>imaginar la escuela ideal<\/b><span style=\"font-weight: 400;\">.<\/span><\/p><p><span style=\"font-weight: 400;\">En esta \u00faltima fase; la escuela con la que se identifican, la <\/span><b>internacionalizaci\u00f3n<\/b><span style=\"font-weight: 400;\"> se aborda y se integra como parte de la <\/span><b>misi\u00f3n social<\/b><span style=\"font-weight: 400;\"> de centros y docentes, para que los estudiantes adquieran una visi\u00f3n m\u00e1s amplia de su <\/span><b>potencial influencia <\/b><span style=\"font-weight: 400;\">en el desarrollo de los ni\u00f1os (sus futuros alumnos).<\/span><\/p><p><span style=\"font-weight: 400;\">Durante la jornada, el alumnado ha podido elegir la participaci\u00f3n en tres talleres:<\/span><\/p><ul><li style=\"font-weight: 400;\" aria-level=\"1\"><b>Identidad escolar y laboral en el ISE (International School Eindhoven)<\/b><span style=\"font-weight: 400;\">, con Sjef Hendrikx y Jimme Been.<\/span><\/li><li style=\"font-weight: 400;\" aria-level=\"1\"><b>Dar clase en una escuela para reci\u00e9n llegados<\/b><span style=\"font-weight: 400;\">, con Monique Van Eert del Centre d\u2019Expertesa Opstap d\u2019Atalenta, de educaci\u00f3n infantil y primaria.<\/span><\/li><li style=\"font-weight: 400;\" aria-level=\"1\"><b>Proyectos Internacionales del Stedelijk College Eindhoven<\/b><span style=\"font-weight: 400;\"> a lo largo de los a\u00f1os, con Dorus Neutkens.<\/span><\/li><\/ul><p><b>Objetivo:<\/b><span style=\"font-weight: 400;\"> abrir nuevas \u201cventanas\u201d a los estudiantes para que, como futuros docentes, sean m\u00e1s conscientes de su misi\u00f3n social, del valor que aportan y de su influencia dentro de una comunidad internacional en constante crecimiento.<\/span><\/p>\t\t\t\t\t\t\t\t<\/div>\n\t\t\t\t<\/div>\n\t\t\t\t\t<\/div>\n\t\t\t\t<\/div>\n\t\t<div class=\"elementor-element elementor-element-1815565 e-flex e-con-boxed e-con e-parent\" data-id=\"1815565\" data-element_type=\"container\" data-e-type=\"container\">\n\t\t\t\t\t<div class=\"e-con-inner\">\n\t\t\t\t<div class=\"elementor-element elementor-element-a9d3dc0 elementor-widget elementor-widget-spacer\" data-id=\"a9d3dc0\" data-element_type=\"widget\" data-e-type=\"widget\" data-widget_type=\"spacer.default\">\n\t\t\t\t<div class=\"elementor-widget-container\">\n\t\t\t\t\t\t\t<div class=\"elementor-spacer\">\n\t\t\t<div class=\"elementor-spacer-inner\"><\/div>\n\t\t<\/div>\n\t\t\t\t\t\t<\/div>\n\t\t\t\t<\/div>\n\t\t\t\t<div class=\"elementor-element elementor-element-65ad21a elementor-widget elementor-widget-text-editor\" data-id=\"65ad21a\" data-element_type=\"widget\" data-e-type=\"widget\" data-widget_type=\"text-editor.default\">\n\t\t\t\t<div class=\"elementor-widget-container\">\n\t\t\t\t\t\t\t\t\t<h2>\u00bfQu\u00e8 significa internacionalizar Vitae Escuela Universitaria?<\/h2>\t\t\t\t\t\t\t\t<\/div>\n\t\t\t\t<\/div>\n\t\t\t\t\t<\/div>\n\t\t\t\t<\/div>\n\t\t<div class=\"elementor-element elementor-element-5387e5a e-flex e-con-boxed e-con e-parent\" data-id=\"5387e5a\" data-element_type=\"container\" data-e-type=\"container\">\n\t\t\t\t\t<div class=\"e-con-inner\">\n\t\t\t\t<div class=\"elementor-element elementor-element-01c72f9 elementor-widget elementor-widget-text-editor\" data-id=\"01c72f9\" data-element_type=\"widget\" data-e-type=\"widget\" data-widget_type=\"text-editor.default\">\n\t\t\t\t<div class=\"elementor-widget-container\">\n\t\t\t\t\t\t\t\t\t<p><span style=\"font-weight: 400;\">Internacionalizar Vitae Escuela Universitaria del Deporte, centro adscrito a la Universidad Abat Oliba CEU (UAO), <\/span><b>significa abrir nuestro proyecto educativo al mundo<\/b><span style=\"font-weight: 400;\"> para que el alumnado aprenda, colabore y crezca en contextos diversos.<\/span><\/p><p><span style=\"font-weight: 400;\">No es solo enviar estudiantes fuera, es:<\/span><\/p><ul><li style=\"font-weight: 400;\" aria-level=\"1\"><span style=\"font-weight: 400;\">Incorporar miradas globales en el curr\u00edculum<\/span><\/li><li style=\"font-weight: 400;\" aria-level=\"1\"><span style=\"font-weight: 400;\">Impulsar proyectos compartidos con universidades de otros pa\u00edses<\/span><\/li><li style=\"font-weight: 400;\" aria-level=\"1\"><span style=\"font-weight: 400;\">Acoger alumnado internacional en el campus y conectarlos con escuelas, clubes y organizaciones <\/span><\/li><\/ul>\t\t\t\t\t\t\t\t<\/div>\n\t\t\t\t<\/div>\n\t\t\t\t\t<\/div>\n\t\t\t\t<\/div>\n\t\t<div class=\"elementor-element elementor-element-bebd37a e-flex e-con-boxed e-con e-parent\" data-id=\"bebd37a\" data-element_type=\"container\" data-e-type=\"container\">\n\t\t\t\t\t<div class=\"e-con-inner\">\n\t\t\t\t<div class=\"elementor-element elementor-element-9f3a109 elementor-widget elementor-widget-spacer\" data-id=\"9f3a109\" data-element_type=\"widget\" data-e-type=\"widget\" data-widget_type=\"spacer.default\">\n\t\t\t\t<div class=\"elementor-widget-container\">\n\t\t\t\t\t\t\t<div class=\"elementor-spacer\">\n\t\t\t<div class=\"elementor-spacer-inner\"><\/div>\n\t\t<\/div>\n\t\t\t\t\t\t<\/div>\n\t\t\t\t<\/div>\n\t\t\t\t<div class=\"elementor-element elementor-element-5f7e18f elementor-widget elementor-widget-text-editor\" data-id=\"5f7e18f\" data-element_type=\"widget\" data-e-type=\"widget\" data-widget_type=\"text-editor.default\">\n\t\t\t\t<div class=\"elementor-widget-container\">\n\t\t\t\t\t\t\t\t\t<h3>La OGA te acompa\u00f1a con&#8230;<\/h3>\t\t\t\t\t\t\t\t<\/div>\n\t\t\t\t<\/div>\n\t\t\t\t\t<\/div>\n\t\t\t\t<\/div>\n\t\t<div class=\"elementor-element elementor-element-0f5cdd0 e-flex e-con-boxed e-con e-parent\" data-id=\"0f5cdd0\" data-element_type=\"container\" data-e-type=\"container\">\n\t\t\t\t\t<div class=\"e-con-inner\">\n\t\t<div class=\"elementor-element elementor-element-e525dec e-con-full e-flex e-con e-child\" data-id=\"e525dec\" data-element_type=\"container\" data-e-type=\"container\">\n\t\t\t\t<div class=\"elementor-element elementor-element-48ef32f elementor-widget elementor-widget-image\" data-id=\"48ef32f\" data-element_type=\"widget\" data-e-type=\"widget\" data-widget_type=\"image.default\">\n\t\t\t\t<div class=\"elementor-widget-container\">\n\t\t\t\t\t\t\t\t\t<div class=\"elementor-image\">\n\t\t\t\t\t\t\t\t\t\t\t\t\t\t\t\t\t\t\t\t\t<img fetchpriority=\"high\" decoding=\"async\" width=\"1024\" height=\"768\" src=\"https:\/\/www.escuelavitae.com\/wp-content\/uploads\/2025\/11\/education-a-window-to-the-world-1024x768.png\" class=\"attachment-large size-large wp-image-1017404\" alt=\"Cartel ponencia internacionalizaci\u00f3n de la educaci\u00f3n, en Fontys\" srcset=\"https:\/\/www.escuelavitae.com\/wp-content\/uploads\/2025\/11\/education-a-window-to-the-world-1024x768.png 1024w, https:\/\/www.escuelavitae.com\/wp-content\/uploads\/2025\/11\/education-a-window-to-the-world-300x225.png 300w, https:\/\/www.escuelavitae.com\/wp-content\/uploads\/2025\/11\/education-a-window-to-the-world-768x576.png 768w, https:\/\/www.escuelavitae.com\/wp-content\/uploads\/2025\/11\/education-a-window-to-the-world-1536x1151.png 1536w, https:\/\/www.escuelavitae.com\/wp-content\/uploads\/2025\/11\/education-a-window-to-the-world-2048x1535.png 2048w\" sizes=\"(max-width: 1024px) 100vw, 1024px\" \/>\t\t\t\t\t\t\t\t\t\t\t\t\t\t\t\t\t\t\t\t\t\t\t\t<\/div>\n\t\t\t\t\t\t\t\t<\/div>\n\t\t\t\t<\/div>\n\t\t\t\t<\/div>\n\t\t<div class=\"elementor-element elementor-element-b3913eb e-con-full e-flex e-con e-child\" data-id=\"b3913eb\" data-element_type=\"container\" data-e-type=\"container\">\n\t\t\t\t<div class=\"elementor-element elementor-element-c5f6e37 elementor-widget elementor-widget-text-editor\" data-id=\"c5f6e37\" data-element_type=\"widget\" data-e-type=\"widget\" data-widget_type=\"text-editor.default\">\n\t\t\t\t<div class=\"elementor-widget-container\">\n\t\t\t\t\t\t\t\t\t<ul><li><b>Asesoramiento personalizado<\/b><span style=\"font-weight: 400;\"> para elegir programa y destino.<\/span><\/li><li><b>Convenios y talleres<\/b><span style=\"font-weight: 400;\"> con socios internacionales.<\/span><\/li><li><b>Mentor\u00eda<\/b><span style=\"font-weight: 400;\"> antes, durante y despu\u00e9s de la experiencia.<\/span><\/li><li><b>Reconocimiento acad\u00e9mico<\/b><span style=\"font-weight: 400;\"> de competencias y resultados de aprendizaje.<\/span><\/li><\/ul>\t\t\t\t\t\t\t\t<\/div>\n\t\t\t\t<\/div>\n\t\t\t\t<\/div>\n\t\t\t\t\t<\/div>\n\t\t\t\t<\/div>\n\t\t<div class=\"elementor-element elementor-element-fd52b06 e-flex e-con-boxed e-con e-parent\" data-id=\"fd52b06\" data-element_type=\"container\" data-e-type=\"container\">\n\t\t\t\t\t<div class=\"e-con-inner\">\n\t\t\t\t<div class=\"elementor-element elementor-element-9824e20 elementor-widget elementor-widget-text-editor\" data-id=\"9824e20\" data-element_type=\"widget\" data-e-type=\"widget\" data-widget_type=\"text-editor.default\">\n\t\t\t\t<div class=\"elementor-widget-container\">\n\t\t\t\t\t\t\t\t\t<p><span style=\"font-weight: 400;\">En Vitae estamos trabajando en la <\/span><b>apertura de nuevos programas de internacionalizaci\u00f3n<\/b><span style=\"font-weight: 400;\">, tanto por <\/span><b>acompa\u00f1ar a nuestros estudiantes<\/b><span style=\"font-weight: 400;\"> en estancias acad\u00e9micas y pr\u00e1cticas en el extranjero <\/span><b>como para acoger a alumnado internacional<\/b><span style=\"font-weight: 400;\"> en nuestras aulas.<\/span><\/p><p><span style=\"font-weight: 400;\">Si quieres formar parte de esta red global, ya sea saliendo fuera o enriqueci\u00e9ndote aqu\u00ed con estudiantes de otros pa\u00edses, <\/span><b>Vitae OGA<\/b><span style=\"font-weight: 400;\"> te ayudar\u00e1 a dise\u00f1ar tu plan.<\/span><i><\/i><\/p>\t\t\t\t\t\t\t\t<\/div>\n\t\t\t\t<\/div>\n\t\t\t\t\t<\/div>\n\t\t\t\t<\/div>\n\t\t<div class=\"elementor-element elementor-element-15cefc1 e-flex e-con-boxed e-con e-parent\" data-id=\"15cefc1\" data-element_type=\"container\" data-e-type=\"container\">\n\t\t\t\t\t<div class=\"e-con-inner\">\n\t\t\t\t<div class=\"elementor-element elementor-element-3d3eb30 elementor-widget elementor-widget-text-editor\" data-id=\"3d3eb30\" data-element_type=\"widget\" data-e-type=\"widget\" data-widget_type=\"text-editor.default\">\n\t\t\t\t<div class=\"elementor-widget-container\">\n\t\t\t\t\t\t\t\t\t<p><em><span style=\"color: #00cf58;\"><a style=\"color: #00cf58;\" title=\"Coneix m\u00e9s sobre l'OGA i els projectes de futur.\" href=\"https:\/\/www.escuelavitae.com\/es\/movilidad-internacional\/\" target=\"_blank\" rel=\"noopener\"><span style=\"font-weight: 400;\">Conoce m\u00e1s sobre la OGA y sus (tus) futuros proyectos.<\/span><\/a><\/span><\/em><\/p>\t\t\t\t\t\t\t\t<\/div>\n\t\t\t\t<\/div>\n\t\t\t\t\t<\/div>\n\t\t\t\t<\/div>\n\t\t\t\t<\/div>\n\t\t","protected":false},"excerpt":{"rendered":"<p>El futuro habla idiomas, conecta culturas, comparte experiencias e intercambia talento. La internacionalizaci\u00f3n en educaci\u00f3n ya no es \u201cun extra\u201d: es una competencia clave para aprender, convivir y trabajar en una sociedad global. Juntos, llegamos m\u00e1s lejos. Desde primaria y secundaria hasta la universidad, abrir las aulas en el mundo enriquece la experiencia educativa y&#8230;<\/p>\n","protected":false},"author":5,"featured_media":1017399,"comment_status":"closed","ping_status":"closed","sticky":false,"template":"","format":"standard","meta":{"om_disable_all_campaigns":false,"footnotes":""},"categories":[140,665,624],"tags":[],"class_list":["post-1017430","post","type-post","status-publish","format-standard","has-post-thumbnail","hentry","category-comunidad-vitae","category-comunidad-vitae-es","category-uni-deporte"],"aioseo_notices":[],"_links":{"self":[{"href":"https:\/\/www.escuelavitae.com\/es\/wp-json\/wp\/v2\/posts\/1017430","targetHints":{"allow":["GET"]}}],"collection":[{"href":"https:\/\/www.escuelavitae.com\/es\/wp-json\/wp\/v2\/posts"}],"about":[{"href":"https:\/\/www.escuelavitae.com\/es\/wp-json\/wp\/v2\/types\/post"}],"author":[{"embeddable":true,"href":"https:\/\/www.escuelavitae.com\/es\/wp-json\/wp\/v2\/users\/5"}],"replies":[{"embeddable":true,"href":"https:\/\/www.escuelavitae.com\/es\/wp-json\/wp\/v2\/comments?post=1017430"}],"version-history":[{"count":15,"href":"https:\/\/www.escuelavitae.com\/es\/wp-json\/wp\/v2\/posts\/1017430\/revisions"}],"predecessor-version":[{"id":1021281,"href":"https:\/\/www.escuelavitae.com\/es\/wp-json\/wp\/v2\/posts\/1017430\/revisions\/1021281"}],"wp:featuredmedia":[{"embeddable":true,"href":"https:\/\/www.escuelavitae.com\/es\/wp-json\/wp\/v2\/media\/1017399"}],"wp:attachment":[{"href":"https:\/\/www.escuelavitae.com\/es\/wp-json\/wp\/v2\/media?parent=1017430"}],"wp:term":[{"taxonomy":"category","embeddable":true,"href":"https:\/\/www.escuelavitae.com\/es\/wp-json\/wp\/v2\/categories?post=1017430"},{"taxonomy":"post_tag","embeddable":true,"href":"https:\/\/www.escuelavitae.com\/es\/wp-json\/wp\/v2\/tags?post=1017430"}],"curies":[{"name":"wp","href":"https:\/\/api.w.org\/{rel}","templated":true}]}}