{"id":1017086,"date":"2025-11-03T12:57:39","date_gmt":"2025-11-03T11:57:39","guid":{"rendered":"https:\/\/www.escuelavitae.com\/tecnologia-innovacio-educacio\/"},"modified":"2025-11-11T11:19:16","modified_gmt":"2025-11-11T10:19:16","slug":"tecnologia-innovacio-educacio","status":"publish","type":"post","link":"https:\/\/www.escuelavitae.com\/es\/tecnologia-innovacio-educacio\/","title":{"rendered":"La tecnolog\u00eda al servicio de la educaci\u00f3n \u2013 Escuela Vitae en el SIMO"},"content":{"rendered":"\t\t<div data-elementor-type=\"wp-post\" data-elementor-id=\"1017086\" class=\"elementor elementor-1017086 elementor-1017060\" data-elementor-post-type=\"post\">\n\t\t\t\t<div class=\"elementor-element elementor-element-12765f47 e-flex e-con-boxed e-con e-parent\" data-id=\"12765f47\" data-element_type=\"container\" data-e-type=\"container\">\n\t\t\t\t\t<div class=\"e-con-inner\">\n\t\t\t\t<div class=\"elementor-element elementor-element-60db707 elementor-widget elementor-widget-text-editor\" data-id=\"60db707\" data-element_type=\"widget\" data-e-type=\"widget\" data-widget_type=\"text-editor.default\">\n\t\t\t\t<div class=\"elementor-widget-container\">\n\t\t\t\t\t\t\t\t\t<h2 class=\"\" data-start=\"210\" data-end=\"259\">Innovaci\u00f3n, IA y aprendizaje vivencial en el Sal\u00f3n Internacional de Tecnolog\u00eda Educativa<\/h2><p class=\"\" data-start=\"261\" data-end=\"603\">\u00a0<\/p>\t\t\t\t\t\t\t\t<\/div>\n\t\t\t\t<\/div>\n\t\t\t\t\t<\/div>\n\t\t\t\t<\/div>\n\t\t<div class=\"elementor-element elementor-element-3890c72 e-flex e-con-boxed e-con e-parent\" data-id=\"3890c72\" data-element_type=\"container\" data-e-type=\"container\">\n\t\t\t\t\t<div class=\"e-con-inner\">\n\t\t\t\t<div class=\"elementor-element elementor-element-48db772 elementor-widget elementor-widget-text-editor\" data-id=\"48db772\" data-element_type=\"widget\" data-e-type=\"widget\" data-widget_type=\"text-editor.default\">\n\t\t\t\t<div class=\"elementor-widget-container\">\n\t\t\t\t\t\t\t\t\t<p data-start=\"2965\" data-end=\"3358\"><span style=\"font-weight: 400;\">Organizado por IFEMA MADRID, el Sal\u00f3n Internacional de Tecnolog\u00eda e Innovaci\u00f3n Educativa, celebra este a\u00f1o su 11\u00aa edici\u00f3n, consolid\u00e1ndose como el gran punto de encuentro para los profesionales del sector educativo en Espa\u00f1a.<\/span><\/p>\t\t\t\t\t\t\t\t<\/div>\n\t\t\t\t<\/div>\n\t\t\t\t\t<\/div>\n\t\t\t\t<\/div>\n\t\t<div class=\"elementor-element elementor-element-3175469 e-flex e-con-boxed e-con e-parent\" data-id=\"3175469\" data-element_type=\"container\" data-e-type=\"container\">\n\t\t\t\t\t<div class=\"e-con-inner\">\n\t\t<div class=\"elementor-element elementor-element-a1a03f3 e-con-full e-flex e-con e-child\" data-id=\"a1a03f3\" data-element_type=\"container\" data-e-type=\"container\">\n\t\t\t\t<div class=\"elementor-element elementor-element-537a3ea elementor-widget elementor-widget-text-editor\" data-id=\"537a3ea\" data-element_type=\"widget\" data-e-type=\"widget\" data-widget_type=\"text-editor.default\">\n\t\t\t\t<div class=\"elementor-widget-container\">\n\t\t\t\t\t\t\t\t\t<p><b>Un espacio que re\u00fane a instituciones, docentes y profesionales de la ense\u00f1anza,<\/b><span style=\"font-weight: 400;\"> y donde las principales marcas del sector presentan las \u00faltimas novedades en tecnolog\u00eda y contenidos digitales. El equipo de Escuela Vitae ha estado presente de nuevo, para explorar c\u00f3mo la innovaci\u00f3n est\u00e1 revolucionando las aulas, mejorando los procesos de ense\u00f1anza-aprendizaje y la gesti\u00f3n educativa.\u00a0<\/span><\/p>\t\t\t\t\t\t\t\t<\/div>\n\t\t\t\t<\/div>\n\t\t\t\t<\/div>\n\t\t<div class=\"elementor-element elementor-element-425415a e-con-full e-flex e-con e-child\" data-id=\"425415a\" data-element_type=\"container\" data-e-type=\"container\">\n\t\t\t\t<div class=\"elementor-element elementor-element-f08e53c elementor-widget elementor-widget-image\" data-id=\"f08e53c\" data-element_type=\"widget\" data-e-type=\"widget\" data-widget_type=\"image.default\">\n\t\t\t\t<div class=\"elementor-widget-container\">\n\t\t\t\t\t\t\t\t\t<div class=\"elementor-image\">\n\t\t\t\t\t\t\t\t\t\t\t\t\t\t\t\t\t\t\t\t\t<img decoding=\"async\" src=\"https:\/\/www.escuelavitae.com\/wp-content\/uploads\/2025\/11\/simo-tecnologia-innovacion-educacion.jpg\" title=\"simo-tecnologia-innovacion-educacion\" alt=\"SIMO - Sal\u00f3n Internacional de Tecnolog\u00eda e Innovaci\u00f3n Educativa\" loading=\"lazy\" \/>\t\t\t\t\t\t\t\t\t\t\t\t\t\t\t\t\t\t\t\t\t\t\t\t<\/div>\n\t\t\t\t\t\t\t\t<\/div>\n\t\t\t\t<\/div>\n\t\t\t\t<\/div>\n\t\t\t\t\t<\/div>\n\t\t\t\t<\/div>\n\t\t<div class=\"elementor-element elementor-element-8e4eeb9 e-flex e-con-boxed e-con e-parent\" data-id=\"8e4eeb9\" data-element_type=\"container\" data-e-type=\"container\">\n\t\t\t\t\t<div class=\"e-con-inner\">\n\t\t\t\t<div class=\"elementor-element elementor-element-23081ab elementor-widget elementor-widget-text-editor\" data-id=\"23081ab\" data-element_type=\"widget\" data-e-type=\"widget\" data-widget_type=\"text-editor.default\">\n\t\t\t\t<div class=\"elementor-widget-container\">\n\t\t\t\t\t\t\t\t\t<p data-start=\"2965\" data-end=\"3358\"><span style=\"font-weight: 400;\">Fue una jornada llena de inspiraci\u00f3n que refuerza nuestra convicci\u00f3n: <\/span><b>la IA, cuando se usa con criterio, no sustituye al aprendizaje humano, potencia el talento y ampl\u00eda las oportunidades de ense\u00f1anza.<\/b><\/p>\t\t\t\t\t\t\t\t<\/div>\n\t\t\t\t<\/div>\n\t\t\t\t\t<\/div>\n\t\t\t\t<\/div>\n\t\t<div class=\"elementor-element elementor-element-7b620e8 e-flex e-con-boxed e-con e-parent\" data-id=\"7b620e8\" data-element_type=\"container\" data-e-type=\"container\">\n\t\t\t\t\t<div class=\"e-con-inner\">\n\t\t\t\t<div class=\"elementor-element elementor-element-c8b451f elementor-widget elementor-widget-spacer\" data-id=\"c8b451f\" data-element_type=\"widget\" data-e-type=\"widget\" data-widget_type=\"spacer.default\">\n\t\t\t\t<div class=\"elementor-widget-container\">\n\t\t\t\t\t\t\t<div class=\"elementor-spacer\">\n\t\t\t<div class=\"elementor-spacer-inner\"><\/div>\n\t\t<\/div>\n\t\t\t\t\t\t<\/div>\n\t\t\t\t<\/div>\n\t\t\t\t<div class=\"elementor-element elementor-element-b75245e elementor-widget elementor-widget-text-editor\" data-id=\"b75245e\" data-element_type=\"widget\" data-e-type=\"widget\" data-widget_type=\"text-editor.default\">\n\t\t\t\t<div class=\"elementor-widget-container\">\n\t\t\t\t\t\t\t\t\t<h3>La IA en el aula: pensar, crear y aprender con sentido<\/h3>\t\t\t\t\t\t\t\t<\/div>\n\t\t\t\t<\/div>\n\t\t\t\t\t<\/div>\n\t\t\t\t<\/div>\n\t\t<div class=\"elementor-element elementor-element-3f0aa81 e-flex e-con-boxed e-con e-parent\" data-id=\"3f0aa81\" data-element_type=\"container\" data-e-type=\"container\">\n\t\t\t\t\t<div class=\"e-con-inner\">\n\t\t\t\t<div class=\"elementor-element elementor-element-2b0b691 elementor-widget elementor-widget-text-editor\" data-id=\"2b0b691\" data-element_type=\"widget\" data-e-type=\"widget\" data-widget_type=\"text-editor.default\">\n\t\t\t\t<div class=\"elementor-widget-container\">\n\t\t\t\t\t\t\t\t\t<p data-start=\"2965\" data-end=\"3358\"><span style=\"font-weight: 400;\">En un contexto en constante transformaci\u00f3n, apostamos por una <\/span><b>educaci\u00f3n innovadora, \u00e9tica y conectada con la realidad profesional<\/b><span style=\"font-weight: 400;\">, donde la tecnolog\u00eda act\u00faa como aliada del pensamiento cr\u00edtico y del desarrollo de competencias.<\/span><\/p>\t\t\t\t\t\t\t\t<\/div>\n\t\t\t\t<\/div>\n\t\t\t\t\t<\/div>\n\t\t\t\t<\/div>\n\t\t<div class=\"elementor-element elementor-element-1a26293 e-flex e-con-boxed e-con e-parent\" data-id=\"1a26293\" data-element_type=\"container\" data-e-type=\"container\">\n\t\t\t\t\t<div class=\"e-con-inner\">\n\t\t<div class=\"elementor-element elementor-element-1459c43 e-con-full e-flex e-con e-child\" data-id=\"1459c43\" data-element_type=\"container\" data-e-type=\"container\">\n\t\t\t\t<div class=\"elementor-element elementor-element-1ea02d7 elementor-widget elementor-widget-image\" data-id=\"1ea02d7\" data-element_type=\"widget\" data-e-type=\"widget\" data-widget_type=\"image.default\">\n\t\t\t\t<div class=\"elementor-widget-container\">\n\t\t\t\t\t\t\t\t\t<div class=\"elementor-image\">\n\t\t\t\t\t\t\t\t\t\t\t\t\t\t\t\t\t\t\t\t\t<img decoding=\"async\" src=\"https:\/\/www.escuelavitae.com\/wp-content\/uploads\/2025\/11\/tecnologia-educacio-simo-e1762177117583.jpg\" title=\"tecnologia-educacio-simo\" alt=\"Tecnolog\u00eda al servicio de la educaci\u00f3n\" loading=\"lazy\" \/>\t\t\t\t\t\t\t\t\t\t\t\t\t\t\t\t\t\t\t\t\t\t\t\t<\/div>\n\t\t\t\t\t\t\t\t<\/div>\n\t\t\t\t<\/div>\n\t\t\t\t<\/div>\n\t\t<div class=\"elementor-element elementor-element-a409555 e-con-full e-flex e-con e-child\" data-id=\"a409555\" data-element_type=\"container\" data-e-type=\"container\">\n\t\t\t\t<div class=\"elementor-element elementor-element-1f7260c elementor-widget elementor-widget-text-editor\" data-id=\"1f7260c\" data-element_type=\"widget\" data-e-type=\"widget\" data-widget_type=\"text-editor.default\">\n\t\t\t\t<div class=\"elementor-widget-container\">\n\t\t\t\t\t\t\t\t\t<p><span style=\"font-weight: 400;\">En Escuela Vitae la <\/span><b>integramos la tecnolog\u00eda en las aulas y el campo de pr\u00e1ctica <\/b><span style=\"font-weight: 400;\">mediante el uso de plataformas, apps, programas y herramientas digitales, ense\u00f1ando a los estudiantes a usarla de forma responsable y estrat\u00e9gica para que desarrollen competencias digitales en sus \u00e1reas profesionales.<\/span><\/p>\t\t\t\t\t\t\t\t<\/div>\n\t\t\t\t<\/div>\n\t\t\t\t<\/div>\n\t\t\t\t\t<\/div>\n\t\t\t\t<\/div>\n\t\t<div class=\"elementor-element elementor-element-f22c426 e-flex e-con-boxed e-con e-parent\" data-id=\"f22c426\" data-element_type=\"container\" data-e-type=\"container\">\n\t\t\t\t\t<div class=\"e-con-inner\">\n\t\t\t\t<div class=\"elementor-element elementor-element-2fba5be elementor-widget elementor-widget-spacer\" data-id=\"2fba5be\" data-element_type=\"widget\" data-e-type=\"widget\" data-widget_type=\"spacer.default\">\n\t\t\t\t<div class=\"elementor-widget-container\">\n\t\t\t\t\t\t\t<div class=\"elementor-spacer\">\n\t\t\t<div class=\"elementor-spacer-inner\"><\/div>\n\t\t<\/div>\n\t\t\t\t\t\t<\/div>\n\t\t\t\t<\/div>\n\t\t\t\t<div class=\"elementor-element elementor-element-97d58a5 elementor-widget elementor-widget-text-editor\" data-id=\"97d58a5\" data-element_type=\"widget\" data-e-type=\"widget\" data-widget_type=\"text-editor.default\">\n\t\t\t\t<div class=\"elementor-widget-container\">\n\t\t\t\t\t\t\t\t\t<blockquote><h2 data-start=\"2965\" data-end=\"3358\">Nuestro objetivo es que el alumnado aprenda a utilizar y aprovechar el potencial de la IA como una aliada, no una v\u00eda r\u00e1pida.<\/h2><\/blockquote>\t\t\t\t\t\t\t\t<\/div>\n\t\t\t\t<\/div>\n\t\t\t\t<div class=\"elementor-element elementor-element-2552e7d elementor-widget elementor-widget-spacer\" data-id=\"2552e7d\" data-element_type=\"widget\" data-e-type=\"widget\" data-widget_type=\"spacer.default\">\n\t\t\t\t<div class=\"elementor-widget-container\">\n\t\t\t\t\t\t\t<div class=\"elementor-spacer\">\n\t\t\t<div class=\"elementor-spacer-inner\"><\/div>\n\t\t<\/div>\n\t\t\t\t\t\t<\/div>\n\t\t\t\t<\/div>\n\t\t\t\t\t<\/div>\n\t\t\t\t<\/div>\n\t\t<div class=\"elementor-element elementor-element-5ff317c e-flex e-con-boxed e-con e-parent\" data-id=\"5ff317c\" data-element_type=\"container\" data-e-type=\"container\">\n\t\t\t\t\t<div class=\"e-con-inner\">\n\t\t\t\t<div class=\"elementor-element elementor-element-36b9c06 elementor-widget elementor-widget-text-editor\" data-id=\"36b9c06\" data-element_type=\"widget\" data-e-type=\"widget\" data-widget_type=\"text-editor.default\">\n\t\t\t\t<div class=\"elementor-widget-container\">\n\t\t\t\t\t\t\t\t\t<p data-start=\"2965\" data-end=\"3358\"><span style=\"font-weight: 400;\">Desde el <span style=\"color: #00cf58;\"><a style=\"color: #00cf58;\" title=\"M\u00e9todo Vitae\" href=\"https:\/\/www.escuelavitae.com\/es\/metodo-vitae\/\" target=\"_blank\" rel=\"noopener\">M\u00e9todo Vitae<\/a><\/span> <\/span><span style=\"font-weight: 400;\">trabajamos para implementar la inteligencia artificial dentro del aula <b>de forma consciente<\/b>, con el objetivo de seguir contribuyendo a nuestra filosof\u00eda de <i>Learn by Doing<\/i>; a trav\u00e9s de diferentes din\u00e1micas, nuestro prop\u00f3sito es que la IA <b>sirva para crear sesiones m\u00e1s vivenciales y participativas<\/b>, que acerquen a\u00fan m\u00e1s al alumnado a una experiencia pr\u00e1ctica y significativa del aprendizaje.<\/span><\/p>\t\t\t\t\t\t\t\t<\/div>\n\t\t\t\t<\/div>\n\t\t\t\t\t<\/div>\n\t\t\t\t<\/div>\n\t\t<div class=\"elementor-element elementor-element-3c8ca81 e-flex e-con-boxed e-con e-parent\" data-id=\"3c8ca81\" data-element_type=\"container\" data-e-type=\"container\">\n\t\t\t\t\t<div class=\"e-con-inner\">\n\t\t\t\t<div class=\"elementor-element elementor-element-d50bed0 elementor-widget elementor-widget-text-editor\" data-id=\"d50bed0\" data-element_type=\"widget\" data-e-type=\"widget\" data-widget_type=\"text-editor.default\">\n\t\t\t\t<div class=\"elementor-widget-container\">\n\t\t\t\t\t\t\t\t\t<h3>C\u00f3mo se puede aplicar la tecnolog\u00eda en la formaci\u00f3n deportiva y sanitaria<\/h3>\t\t\t\t\t\t\t\t<\/div>\n\t\t\t\t<\/div>\n\t\t\t\t\t<\/div>\n\t\t\t\t<\/div>\n\t\t<div class=\"elementor-element elementor-element-8d8001e e-flex e-con-boxed e-con e-parent\" data-id=\"8d8001e\" data-element_type=\"container\" data-e-type=\"container\">\n\t\t\t\t\t<div class=\"e-con-inner\">\n\t\t\t\t<div class=\"elementor-element elementor-element-dfe63e5 elementor-widget elementor-widget-text-editor\" data-id=\"dfe63e5\" data-element_type=\"widget\" data-e-type=\"widget\" data-widget_type=\"text-editor.default\">\n\t\t\t\t<div class=\"elementor-widget-container\">\n\t\t\t\t\t\t\t\t\t<p><span style=\"font-weight: 400;\">En el sector del deporte y la salud, dos \u00e1reas en las que la pr\u00e1ctica, la precisi\u00f3n y el an\u00e1lisis de datos son esenciales, la tecnolog\u00eda no es una opci\u00f3n; es imprescindible hoy en d\u00eda integrarla y dominarla.<\/span><\/p><ul><li><span style=\"font-weight: 400;\"><span style=\"color: #00cf58;\"><a style=\"color: #00cf58;\" title=\"En el \u00e1mbito sanitario,\" href=\"https:\/\/www.escuelavitae.com\/es\/areas-de-formacion\/sanidad\/\" target=\"_blank\" rel=\"noopener\">En el \u00e1mbito sanitario,<\/a><\/span> la IA se puede aplicar en simulaciones cl\u00ednicas, an\u00e1lisis de casos y formaci\u00f3n basada en escenarios reales. Esta tecnolog\u00eda presenta la oportunidad de aprender a utilizar herramientas digitales para interpretar datos, evaluar situaciones de emergencia o dise\u00f1ar intervenciones m\u00e1s eficaces, siempre con una mirada humana y \u00e9tica.<\/span><\/li><li><span style=\"font-weight: 400;\"><span style=\"font-weight: 400;\"><span style=\"color: #00cf58;\"><a style=\"color: #00cf58;\" title=\"En el \u00e1mbito del deporte,\" href=\"https:\/\/www.escuelavitae.com\/es\/areas-de-formacion\/actividad-fisica-y-deporte\/\" target=\"_blank\" rel=\"noopener\">En el \u00e1mbito del deporte,<\/a><\/span> integrando ciencia y tecnolog\u00eda, <\/span><\/span>los futuros profesionales aprenden a combinar la observaci\u00f3n con la interpretaci\u00f3n inteligente de datos, integrando ciencia y tecnolog\u00eda que les permite, entre m\u00faltiples usos: analizar, monitorizar y planificar entrenamientos, dise\u00f1ar y gestionar eventos, etc.<\/li><\/ul>\t\t\t\t\t\t\t\t<\/div>\n\t\t\t\t<\/div>\n\t\t\t\t\t<\/div>\n\t\t\t\t<\/div>\n\t\t<div class=\"elementor-element elementor-element-792a434 e-flex e-con-boxed e-con e-parent\" data-id=\"792a434\" data-element_type=\"container\" data-e-type=\"container\">\n\t\t\t\t\t<div class=\"e-con-inner\">\n\t\t\t\t<div class=\"elementor-element elementor-element-3a19638 elementor-widget elementor-widget-text-editor\" data-id=\"3a19638\" data-element_type=\"widget\" data-e-type=\"widget\" data-widget_type=\"text-editor.default\">\n\t\t\t\t<div class=\"elementor-widget-container\">\n\t\t\t\t\t\t\t\t\t<h2>Innovaci\u00f3n m\u00e1s all\u00e1 del aula<\/h2>\t\t\t\t\t\t\t\t<\/div>\n\t\t\t\t<\/div>\n\t\t\t\t\t<\/div>\n\t\t\t\t<\/div>\n\t\t<div class=\"elementor-element elementor-element-1247c53 e-flex e-con-boxed e-con e-parent\" data-id=\"1247c53\" data-element_type=\"container\" data-e-type=\"container\">\n\t\t\t\t\t<div class=\"e-con-inner\">\n\t\t\t\t<div class=\"elementor-element elementor-element-8c4132f elementor-widget elementor-widget-text-editor\" data-id=\"8c4132f\" data-element_type=\"widget\" data-e-type=\"widget\" data-widget_type=\"text-editor.default\">\n\t\t\t\t<div class=\"elementor-widget-container\">\n\t\t\t\t\t\t\t\t\t<p><span style=\"font-weight: 400;\">La transformaci\u00f3n digital en Vitae va m\u00e1s all\u00e1 del \u00e1mbito acad\u00e9mico. <\/span><b>La tecnolog\u00eda nos permite ser m\u00e1s eficientes, cercanos y precisos<\/b> <b>en otros departamentos, como: <\/b>marketing y comunicaci\u00f3n, admisiones, recepci\u00f3n y secretaria acad\u00e9mica.<span style=\"font-weight: 400;\"> mejorando la calidad del servicio que ofrecemos a estudiantes y familias.<\/span><\/p>\t\t\t\t\t\t\t\t<\/div>\n\t\t\t\t<\/div>\n\t\t\t\t\t<\/div>\n\t\t\t\t<\/div>\n\t\t<div class=\"elementor-element elementor-element-e83483c e-flex e-con-boxed e-con e-parent\" data-id=\"e83483c\" data-element_type=\"container\" data-e-type=\"container\">\n\t\t\t\t\t<div class=\"e-con-inner\">\n\t\t\t\t<div class=\"elementor-element elementor-element-187714c elementor-widget elementor-widget-spacer\" data-id=\"187714c\" data-element_type=\"widget\" data-e-type=\"widget\" data-widget_type=\"spacer.default\">\n\t\t\t\t<div class=\"elementor-widget-container\">\n\t\t\t\t\t\t\t<div class=\"elementor-spacer\">\n\t\t\t<div class=\"elementor-spacer-inner\"><\/div>\n\t\t<\/div>\n\t\t\t\t\t\t<\/div>\n\t\t\t\t<\/div>\n\t\t\t\t<div class=\"elementor-element elementor-element-a0ff0ab elementor-widget elementor-widget-text-editor\" data-id=\"a0ff0ab\" data-element_type=\"widget\" data-e-type=\"widget\" data-widget_type=\"text-editor.default\">\n\t\t\t\t<div class=\"elementor-widget-container\">\n\t\t\t\t\t\t\t\t\t<blockquote><h2 data-start=\"2965\" data-end=\"3358\">La tecnolog\u00eda nos permite mejorar la agilidad y la calidad del servicio que ofrecemos a estudiantes y familias.<\/h2><\/blockquote>\t\t\t\t\t\t\t\t<\/div>\n\t\t\t\t<\/div>\n\t\t\t\t<div class=\"elementor-element elementor-element-18fe254 elementor-widget elementor-widget-spacer\" data-id=\"18fe254\" data-element_type=\"widget\" data-e-type=\"widget\" data-widget_type=\"spacer.default\">\n\t\t\t\t<div class=\"elementor-widget-container\">\n\t\t\t\t\t\t\t<div class=\"elementor-spacer\">\n\t\t\t<div class=\"elementor-spacer-inner\"><\/div>\n\t\t<\/div>\n\t\t\t\t\t\t<\/div>\n\t\t\t\t<\/div>\n\t\t\t\t\t<\/div>\n\t\t\t\t<\/div>\n\t\t<div class=\"elementor-element elementor-element-b00621e e-flex e-con-boxed e-con e-parent\" data-id=\"b00621e\" data-element_type=\"container\" data-e-type=\"container\">\n\t\t\t\t\t<div class=\"e-con-inner\">\n\t\t\t\t<div class=\"elementor-element elementor-element-2c58f02 elementor-widget elementor-widget-text-editor\" data-id=\"2c58f02\" data-element_type=\"widget\" data-e-type=\"widget\" data-widget_type=\"text-editor.default\">\n\t\t\t\t<div class=\"elementor-widget-container\">\n\t\t\t\t\t\t\t\t\t<h4><b>Marketing y Comunicaci\u00f3n<\/b><\/h4><p><span style=\"font-weight: 400;\">A trav\u00e9s de partners tecnol\u00f3gicos podemos analizar tendencias, crear<\/span> <span style=\"font-weight: 400;\">contenidos m\u00e1s relevantes y personalizados y conectar mejor con nuestra comunidad educativa. Estas herramientas nos permiten anticipar intereses, optimizar campa\u00f1as y fortalecer la conexi\u00f3n con estudiantes, familias y profesionales, manteniendo siempre un tono humano y cercano.<\/span><\/p><h4><b>Admisiones<\/b><\/h4><p><span style=\"font-weight: 400;\">En esta \u00e1rea, la automatizaci\u00f3n de procesos facilita una gesti\u00f3n m\u00e1s \u00e1gil y adaptada a cada solicitud, permitiendo conocer mejor los intereses de los futuros estudiantes y familias, ofrecerles una atenci\u00f3n m\u00e1s r\u00e1pida y acompa\u00f1arlos, de manera individualizada, en cada etapa del proceso de decisi\u00f3n.<\/span><\/p><h4><b>Secretar\u00eda Acad\u00e9mica<\/b><\/h4><p><span style=\"font-weight: 400;\">La digitalizaci\u00f3n tambi\u00e9n contribuye a optimizar la organizaci\u00f3n y los flujos administrativos, mejorando la atenci\u00f3n y reduciendo los tiempos de gesti\u00f3n. Desde el tratamiento de datos acad\u00e9micos hasta la automatizaci\u00f3n de tr\u00e1mites, logramos procesos m\u00e1s eficientes y una comunicaci\u00f3n m\u00e1s fluida con estudiantes y familias.<\/span><\/p>\t\t\t\t\t\t\t\t<\/div>\n\t\t\t\t<\/div>\n\t\t\t\t\t<\/div>\n\t\t\t\t<\/div>\n\t\t<div class=\"elementor-element elementor-element-7453f49 e-flex e-con-boxed e-con e-parent\" data-id=\"7453f49\" data-element_type=\"container\" data-e-type=\"container\">\n\t\t\t\t\t<div class=\"e-con-inner\">\n\t\t\t\t<div class=\"elementor-element elementor-element-58697d2 elementor-widget elementor-widget-spacer\" data-id=\"58697d2\" data-element_type=\"widget\" data-e-type=\"widget\" data-widget_type=\"spacer.default\">\n\t\t\t\t<div class=\"elementor-widget-container\">\n\t\t\t\t\t\t\t<div class=\"elementor-spacer\">\n\t\t\t<div class=\"elementor-spacer-inner\"><\/div>\n\t\t<\/div>\n\t\t\t\t\t\t<\/div>\n\t\t\t\t<\/div>\n\t\t\t\t<div class=\"elementor-element elementor-element-b249d4a elementor-widget elementor-widget-text-editor\" data-id=\"b249d4a\" data-element_type=\"widget\" data-e-type=\"widget\" data-widget_type=\"text-editor.default\">\n\t\t\t\t<div class=\"elementor-widget-container\">\n\t\t\t\t\t\t\t\t\t<h3>Formaci\u00f3n con mirada al futuro<\/h3>\t\t\t\t\t\t\t\t<\/div>\n\t\t\t\t<\/div>\n\t\t\t\t\t<\/div>\n\t\t\t\t<\/div>\n\t\t<div class=\"elementor-element elementor-element-c279320 e-flex e-con-boxed e-con e-parent\" data-id=\"c279320\" data-element_type=\"container\" data-e-type=\"container\">\n\t\t\t\t\t<div class=\"e-con-inner\">\n\t\t<div class=\"elementor-element elementor-element-5acefd1 e-con-full e-flex e-con e-child\" data-id=\"5acefd1\" data-element_type=\"container\" data-e-type=\"container\">\n\t\t\t\t<div class=\"elementor-element elementor-element-01c72f9 elementor-widget elementor-widget-text-editor\" data-id=\"01c72f9\" data-element_type=\"widget\" data-e-type=\"widget\" data-widget_type=\"text-editor.default\">\n\t\t\t\t<div class=\"elementor-widget-container\">\n\t\t\t\t\t\t\t\t\t<p><span style=\"font-weight: 400;\">La participaci\u00f3n en el SIMO &#8211; Sal\u00f3n Internacional de Tecnolog\u00eda e Innovaci\u00f3n Educativa ha sido una oportunidad para compartir experiencias con profesionales del sector, descubrir nuevas herramientas y reafirmar la apuesta de Escuela Vitae por una educaci\u00f3n conectada con el futuro: <\/span><b>una educaci\u00f3n que integra la tecnolog\u00eda sin reemplazar la esencia humana, sino que la\u00a0 enriquece.<\/b><\/p>\t\t\t\t\t\t\t\t<\/div>\n\t\t\t\t<\/div>\n\t\t\t\t<\/div>\n\t\t<div class=\"elementor-element elementor-element-edf5a0e e-con-full e-flex e-con e-child\" data-id=\"edf5a0e\" data-element_type=\"container\" data-e-type=\"container\">\n\t\t\t\t<div class=\"elementor-element elementor-element-fed1ede elementor-widget elementor-widget-image\" data-id=\"fed1ede\" data-element_type=\"widget\" data-e-type=\"widget\" data-widget_type=\"image.default\">\n\t\t\t\t<div class=\"elementor-widget-container\">\n\t\t\t\t\t\t\t\t\t<div class=\"elementor-image\">\n\t\t\t\t\t\t\t\t\t\t\t\t\t\t\t\t\t\t\t\t\t<img fetchpriority=\"high\" decoding=\"async\" width=\"1024\" height=\"762\" src=\"https:\/\/www.escuelavitae.com\/wp-content\/uploads\/2025\/11\/vitae-tecnologia-educacio-esport-1024x762.png\" class=\"attachment-large size-large wp-image-1017073\" alt=\"La tecnolog\u00eda aplicada a la formaci\u00f3n\" srcset=\"https:\/\/www.escuelavitae.com\/wp-content\/uploads\/2025\/11\/vitae-tecnologia-educacio-esport-1024x762.png 1024w, https:\/\/www.escuelavitae.com\/wp-content\/uploads\/2025\/11\/vitae-tecnologia-educacio-esport-300x223.png 300w, https:\/\/www.escuelavitae.com\/wp-content\/uploads\/2025\/11\/vitae-tecnologia-educacio-esport-768x572.png 768w, https:\/\/www.escuelavitae.com\/wp-content\/uploads\/2025\/11\/vitae-tecnologia-educacio-esport.png 1064w\" sizes=\"(max-width: 1024px) 100vw, 1024px\" \/>\t\t\t\t\t\t\t\t\t\t\t\t\t\t\t\t\t\t\t\t\t\t\t\t<\/div>\n\t\t\t\t\t\t\t\t<\/div>\n\t\t\t\t<\/div>\n\t\t\t\t<\/div>\n\t\t\t\t\t<\/div>\n\t\t\t\t<\/div>\n\t\t<div class=\"elementor-element elementor-element-5159dff e-flex e-con-boxed e-con e-parent\" data-id=\"5159dff\" data-element_type=\"container\" data-e-type=\"container\">\n\t\t\t\t\t<div class=\"e-con-inner\">\n\t\t\t\t<div class=\"elementor-element elementor-element-b05bab1 elementor-widget elementor-widget-text-editor\" data-id=\"b05bab1\" data-element_type=\"widget\" data-e-type=\"widget\" data-widget_type=\"text-editor.default\">\n\t\t\t\t<div class=\"elementor-widget-container\">\n\t\t\t\t\t\t\t\t\t<p><span style=\"font-weight: 400;\">Creemos en una IA al servicio de las personas, que potencia la reflexi\u00f3n y la creatividad, fomenta la curiosidad y complementa la acci\u00f3n humana.<\/span><span style=\"font-weight: 400;\">\u00a0Porque formar a los profesionales del ma\u00f1ana; en deporte, salud o cualquier \u00e1mbito, tambi\u00e9n implica ense\u00f1arles a entender y aprovechar la tecnolog\u00eda para transformar su entorno.<\/span><\/p>\t\t\t\t\t\t\t\t<\/div>\n\t\t\t\t<\/div>\n\t\t\t\t\t<\/div>\n\t\t\t\t<\/div>\n\t\t<div class=\"elementor-element elementor-element-15cefc1 e-flex e-con-boxed e-con e-parent\" data-id=\"15cefc1\" data-element_type=\"container\" data-e-type=\"container\">\n\t\t\t\t\t<div class=\"e-con-inner\">\n\t\t\t\t<div class=\"elementor-element elementor-element-3d3eb30 elementor-widget elementor-widget-text-editor\" data-id=\"3d3eb30\" data-element_type=\"widget\" data-e-type=\"widget\" data-widget_type=\"text-editor.default\">\n\t\t\t\t<div class=\"elementor-widget-container\">\n\t\t\t\t\t\t\t\t\t<p><em><span style=\"color: #00cf58;\"><a style=\"color: #00cf58;\" title=\"Descobreix com a Escola Vitae transformem la manera d\u2019aprendre a trav\u00e9s de la la tecnologia.\" href=\"https:\/\/www.instagram.com\/p\/DJWWP6RIVun\/\" target=\"_blank\" rel=\"noopener\"><span style=\"font-weight: 400;\">Descubre c\u00f3mo transformamos la manera de aprender a trav\u00e9s de la tecnolog\u00eda.<\/span><\/a><\/span><\/em><\/p>\t\t\t\t\t\t\t\t<\/div>\n\t\t\t\t<\/div>\n\t\t\t\t\t<\/div>\n\t\t\t\t<\/div>\n\t\t\t\t<\/div>\n\t\t","protected":false},"excerpt":{"rendered":"<p>Innovaci\u00f3n, IA y aprendizaje vivencial en el Sal\u00f3n Internacional de Tecnolog\u00eda Educativa \u00a0 Organizado por IFEMA MADRID, el Sal\u00f3n Internacional de Tecnolog\u00eda e Innovaci\u00f3n Educativa, celebra este a\u00f1o su 11\u00aa edici\u00f3n, consolid\u00e1ndose como el gran punto de encuentro para los profesionales del sector educativo en Espa\u00f1a. Un espacio que re\u00fane a instituciones, docentes y profesionales&#8230;<\/p>\n","protected":false},"author":5,"featured_media":1017358,"comment_status":"closed","ping_status":"closed","sticky":false,"template":"","format":"standard","meta":{"om_disable_all_campaigns":false,"footnotes":""},"categories":[1],"tags":[],"class_list":["post-1017086","post","type-post","status-publish","format-standard","has-post-thumbnail","hentry","category-sin-categorizar"],"aioseo_notices":[],"_links":{"self":[{"href":"https:\/\/www.escuelavitae.com\/es\/wp-json\/wp\/v2\/posts\/1017086","targetHints":{"allow":["GET"]}}],"collection":[{"href":"https:\/\/www.escuelavitae.com\/es\/wp-json\/wp\/v2\/posts"}],"about":[{"href":"https:\/\/www.escuelavitae.com\/es\/wp-json\/wp\/v2\/types\/post"}],"author":[{"embeddable":true,"href":"https:\/\/www.escuelavitae.com\/es\/wp-json\/wp\/v2\/users\/5"}],"replies":[{"embeddable":true,"href":"https:\/\/www.escuelavitae.com\/es\/wp-json\/wp\/v2\/comments?post=1017086"}],"version-history":[{"count":14,"href":"https:\/\/www.escuelavitae.com\/es\/wp-json\/wp\/v2\/posts\/1017086\/revisions"}],"predecessor-version":[{"id":1017373,"href":"https:\/\/www.escuelavitae.com\/es\/wp-json\/wp\/v2\/posts\/1017086\/revisions\/1017373"}],"wp:featuredmedia":[{"embeddable":true,"href":"https:\/\/www.escuelavitae.com\/es\/wp-json\/wp\/v2\/media\/1017358"}],"wp:attachment":[{"href":"https:\/\/www.escuelavitae.com\/es\/wp-json\/wp\/v2\/media?parent=1017086"}],"wp:term":[{"taxonomy":"category","embeddable":true,"href":"https:\/\/www.escuelavitae.com\/es\/wp-json\/wp\/v2\/categories?post=1017086"},{"taxonomy":"post_tag","embeddable":true,"href":"https:\/\/www.escuelavitae.com\/es\/wp-json\/wp\/v2\/tags?post=1017086"}],"curies":[{"name":"wp","href":"https:\/\/api.w.org\/{rel}","templated":true}]}}