{"id":1016503,"date":"2025-10-10T17:19:52","date_gmt":"2025-10-10T15:19:52","guid":{"rendered":"https:\/\/www.escuelavitae.com\/gala-premis-csd-proad\/"},"modified":"2025-10-13T11:16:43","modified_gmt":"2025-10-13T09:16:43","slug":"gala-premios-csd-proad","status":"publish","type":"post","link":"https:\/\/www.escuelavitae.com\/es\/gala-premios-csd-proad\/","title":{"rendered":"Gala de Premios CSD\u2013PROAD 2025: celebrando el esfuerzo deportivo y acad\u00e9mico"},"content":{"rendered":"\t\t<div data-elementor-type=\"wp-post\" data-elementor-id=\"1016503\" class=\"elementor elementor-1016503 elementor-1016477\" data-elementor-post-type=\"post\">\n\t\t\t\t<div class=\"elementor-element elementor-element-12765f47 e-flex e-con-boxed e-con e-parent\" data-id=\"12765f47\" data-element_type=\"container\" data-e-type=\"container\">\n\t\t\t\t\t<div class=\"e-con-inner\">\n\t\t\t\t<div class=\"elementor-element elementor-element-58a6e06 elementor-widget elementor-widget-text-editor\" data-id=\"58a6e06\" data-element_type=\"widget\" data-e-type=\"widget\" data-widget_type=\"text-editor.default\">\n\t\t\t\t<div class=\"elementor-widget-container\">\n\t\t\t\t\t\t\t\t\t<h2 class=\"\" data-start=\"210\" data-end=\"259\">Premios CSD-PROAD Carrera Dual<\/h2><p class=\"\" data-start=\"261\" data-end=\"603\">\u00a0<\/p>\t\t\t\t\t\t\t\t<\/div>\n\t\t\t\t<\/div>\n\t\t\t\t\t<\/div>\n\t\t\t\t<\/div>\n\t\t<div class=\"elementor-element elementor-element-38f1bfd e-flex e-con-boxed e-con e-parent\" data-id=\"38f1bfd\" data-element_type=\"container\" data-e-type=\"container\">\n\t\t\t\t\t<div class=\"e-con-inner\">\n\t\t\t\t<div class=\"elementor-element elementor-element-3d7abdb elementor-widget elementor-widget-text-editor\" data-id=\"3d7abdb\" data-element_type=\"widget\" data-e-type=\"widget\" data-widget_type=\"text-editor.default\">\n\t\t\t\t<div class=\"elementor-widget-container\">\n\t\t\t\t\t\t\t\t\t<p data-start=\"110\" data-end=\"545\">La <strong data-start=\"113\" data-end=\"164\">Gala de los Premios CSD\u2013PROAD Carrera Dual 2025<\/strong> ha reunido a deportistas, instituciones y entidades comprometidas con el desarrollo integral del talento deportivo. Estos premios, impulsados por el <strong data-start=\"314\" data-end=\"346\">Consejo Superior de Deportes<\/strong> a trav\u00e9s del <strong data-start=\"360\" data-end=\"420\">Programa de Atenci\u00f3n al Deportista de Alto Nivel (PROAD)<\/strong>, reconocen a aquellos deportistas que han sabido destacar tanto en el \u00e1mbito deportivo como en el formativo y profesional.<\/p><p data-start=\"547\" data-end=\"625\">Una iniciativa que, desde 2009, ha atendido a m\u00e1s de <strong data-start=\"600\" data-end=\"622\">10.000 deportistas<\/strong>.<\/p>\t\t\t\t\t\t\t\t<\/div>\n\t\t\t\t<\/div>\n\t\t\t\t\t<\/div>\n\t\t\t\t<\/div>\n\t\t<div class=\"elementor-element elementor-element-7b620e8 e-flex e-con-boxed e-con e-parent\" data-id=\"7b620e8\" data-element_type=\"container\" data-e-type=\"container\">\n\t\t\t\t\t<div class=\"e-con-inner\">\n\t\t\t\t<div class=\"elementor-element elementor-element-b75245e elementor-widget elementor-widget-text-editor\" data-id=\"b75245e\" data-element_type=\"widget\" data-e-type=\"widget\" data-widget_type=\"text-editor.default\">\n\t\t\t\t<div class=\"elementor-widget-container\">\n\t\t\t\t\t\t\t\t\t<h3>Escuela Vitae, aliada en la formaci\u00f3n de los deportistas de \u00e9lite<\/h3>\t\t\t\t\t\t\t\t<\/div>\n\t\t\t\t<\/div>\n\t\t\t\t\t<\/div>\n\t\t\t\t<\/div>\n\t\t<div class=\"elementor-element elementor-element-3f0aa81 e-flex e-con-boxed e-con e-parent\" data-id=\"3f0aa81\" data-element_type=\"container\" data-e-type=\"container\">\n\t\t\t\t\t<div class=\"e-con-inner\">\n\t\t\t\t<div class=\"elementor-element elementor-element-2b0b691 elementor-widget elementor-widget-text-editor\" data-id=\"2b0b691\" data-element_type=\"widget\" data-e-type=\"widget\" data-widget_type=\"text-editor.default\">\n\t\t\t\t<div class=\"elementor-widget-container\">\n\t\t\t\t\t\t\t\t\t<p data-start=\"2965\" data-end=\"3358\">En este marco, <strong data-start=\"718\" data-end=\"758\">VITAE Escuela del Deporte y la Salud<\/strong> ha sido reconocida como <strong data-start=\"783\" data-end=\"807\">entidad colaboradora<\/strong> por su implicaci\u00f3n en el acompa\u00f1amiento formativo de los deportistas de alto nivel.<\/p>\t\t\t\t\t\t\t\t<\/div>\n\t\t\t\t<\/div>\n\t\t\t\t\t<\/div>\n\t\t\t\t<\/div>\n\t\t<div class=\"elementor-element elementor-element-d8f0766 e-flex e-con-boxed e-con e-parent\" data-id=\"d8f0766\" data-element_type=\"container\" data-e-type=\"container\">\n\t\t\t\t\t<div class=\"e-con-inner\">\n\t\t<div class=\"elementor-element elementor-element-7f60e6d e-con-full e-flex e-con e-child\" data-id=\"7f60e6d\" data-element_type=\"container\" data-e-type=\"container\">\n\t\t\t\t<div class=\"elementor-element elementor-element-039e283 elementor-widget__width-initial elementor-widget elementor-widget-image\" data-id=\"039e283\" data-element_type=\"widget\" data-e-type=\"widget\" data-widget_type=\"image.default\">\n\t\t\t\t<div class=\"elementor-widget-container\">\n\t\t\t\t\t\t\t\t\t<div class=\"elementor-image\">\n\t\t\t\t\t\t\t\t\t\t\t\t\t\t\t\t\t\t\t\t\t<img fetchpriority=\"high\" decoding=\"async\" width=\"1024\" height=\"683\" src=\"https:\/\/www.escuelavitae.com\/wp-content\/uploads\/2025\/10\/premios-csd-proad-vitae-1024x683.jpg\" class=\"attachment-large size-large wp-image-1016490\" alt=\"Sergio Torres, en representaci\u00f3n de Escuela Vitae, recogiendo el premio como escuela colaboradora del PROAD\" srcset=\"https:\/\/www.escuelavitae.com\/wp-content\/uploads\/2025\/10\/premios-csd-proad-vitae-1024x683.jpg 1024w, https:\/\/www.escuelavitae.com\/wp-content\/uploads\/2025\/10\/premios-csd-proad-vitae-300x200.jpg 300w, https:\/\/www.escuelavitae.com\/wp-content\/uploads\/2025\/10\/premios-csd-proad-vitae-768x512.jpg 768w, https:\/\/www.escuelavitae.com\/wp-content\/uploads\/2025\/10\/premios-csd-proad-vitae-1536x1024.jpg 1536w, https:\/\/www.escuelavitae.com\/wp-content\/uploads\/2025\/10\/premios-csd-proad-vitae-2048x1365.jpg 2048w\" sizes=\"(max-width: 1024px) 100vw, 1024px\" \/>\t\t\t\t\t\t\t\t\t\t\t\t\t\t\t\t\t\t\t\t\t\t\t\t<\/div>\n\t\t\t\t\t\t\t\t<\/div>\n\t\t\t\t<\/div>\n\t\t\t\t<\/div>\n\t\t<div class=\"elementor-element elementor-element-f08964a e-con-full e-flex e-con e-child\" data-id=\"f08964a\" data-element_type=\"container\" data-e-type=\"container\">\n\t\t<div class=\"elementor-element elementor-element-775f064 e-con-full e-flex e-con e-child\" data-id=\"775f064\" data-element_type=\"container\" data-e-type=\"container\">\n\t\t\t\t<div class=\"elementor-element elementor-element-eadb713 elementor-widget__width-initial elementor-widget elementor-widget-text-editor\" data-id=\"eadb713\" data-element_type=\"widget\" data-e-type=\"widget\" data-widget_type=\"text-editor.default\">\n\t\t\t\t<div class=\"elementor-widget-container\">\n\t\t\t\t\t\t\t\t\t<p data-start=\"0\" data-end=\"221\">A trav\u00e9s de la colaboraci\u00f3n con el <strong data-start=\"35\" data-end=\"44\">PROAD<\/strong>, impulsamos becas y programas educativos dise\u00f1ados para facilitar la compatibilidad entre la carrera deportiva y la formaci\u00f3n profesional de calidad.<\/p><p data-start=\"223\" data-end=\"387\" data-is-last-node=\"\" data-is-only-node=\"\">Tal como expresa el programa, el objetivo es claro: <em data-start=\"275\" data-end=\"387\" data-is-last-node=\"\">\u201cIncentivar y animar a los deportistas de alto nivel y alto rendimiento a formarse y crecer profesionalmente.\u201d<\/em><\/p>\t\t\t\t\t\t\t\t<\/div>\n\t\t\t\t<\/div>\n\t\t\t\t<\/div>\n\t\t\t\t<\/div>\n\t\t\t\t\t<\/div>\n\t\t\t\t<\/div>\n\t\t<div class=\"elementor-element elementor-element-2a6bdc4 e-flex e-con-boxed e-con e-parent\" data-id=\"2a6bdc4\" data-element_type=\"container\" data-e-type=\"container\">\n\t\t\t\t\t<div class=\"e-con-inner\">\n\t\t\t\t<div class=\"elementor-element elementor-element-a7ded2b elementor-widget elementor-widget-text-editor\" data-id=\"a7ded2b\" data-element_type=\"widget\" data-e-type=\"widget\" data-widget_type=\"text-editor.default\">\n\t\t\t\t<div class=\"elementor-widget-container\">\n\t\t\t\t\t\t\t\t\t<h6 data-start=\"2965\" data-end=\"3358\"><em>Jos\u00e9 Manuel Rodr\u00edguez Uribes, Presidente del Consejo Superior de Deportes (CSD), entregando el reconocimiento a Sergio Torres, Director de la formaci\u00f3n online de Escuela Vitae.<\/em><\/h6>\t\t\t\t\t\t\t\t<\/div>\n\t\t\t\t<\/div>\n\t\t\t\t\t<\/div>\n\t\t\t\t<\/div>\n\t\t<div class=\"elementor-element elementor-element-5ff317c e-flex e-con-boxed e-con e-parent\" data-id=\"5ff317c\" data-element_type=\"container\" data-e-type=\"container\">\n\t\t\t\t\t<div class=\"e-con-inner\">\n\t\t\t\t<div class=\"elementor-element elementor-element-a299dc5 elementor-widget elementor-widget-text-editor\" data-id=\"a299dc5\" data-element_type=\"widget\" data-e-type=\"widget\" data-widget_type=\"text-editor.default\">\n\t\t\t\t<div class=\"elementor-widget-container\">\n\t\t\t\t\t\t\t\t\t<h2>Becas PROAD y oferta acad\u00e9mica de Vitae Escuela del Deporte y la Salud<\/h2>\t\t\t\t\t\t\t\t<\/div>\n\t\t\t\t<\/div>\n\t\t\t\t\t<\/div>\n\t\t\t\t<\/div>\n\t\t<div class=\"elementor-element elementor-element-7f6b6cf e-flex e-con-boxed e-con e-parent\" data-id=\"7f6b6cf\" data-element_type=\"container\" data-e-type=\"container\">\n\t\t\t\t\t<div class=\"e-con-inner\">\n\t\t\t\t<div class=\"elementor-element elementor-element-8b30d02 elementor-widget elementor-widget-text-editor\" data-id=\"8b30d02\" data-element_type=\"widget\" data-e-type=\"widget\" data-widget_type=\"text-editor.default\">\n\t\t\t\t<div class=\"elementor-widget-container\">\n\t\t\t\t\t\t\t\t\t<p data-start=\"0\" data-end=\"130\">El passat 2024-25 abrimos\u00a0una <strong data-start=\"73\" data-end=\"114\">convocatoria exclusiva de becas PROAD<\/strong>, que incluye:<\/p><ul><li><strong data-start=\"135\" data-end=\"155\">2 becas del 100%<\/strong><\/li><li><strong data-start=\"161\" data-end=\"183\">Descuentos del 30%<\/strong> en titulaciones online<\/li><\/ul><p data-start=\"210\" data-end=\"465\">Entre la oferta formativa destacan el <span style=\"color: #00cf58;\"><a style=\"color: #00cf58;\" title=\"Grado Superior en Acondicionamiento F\u00edsico (Fitness)\" href=\"https:\/\/www.escuelavitae.com\/es\/cursos\/acondicionamiento-fisico-fitness-online\/\" target=\"_blank\" rel=\"noopener\"><span style=\"font-weight: 400;\">Grado Superior en Acondicionamiento F\u00edsico (Fitness)<\/span><\/a><\/span> y el <span style=\"color: #00cf58;\"><a style=\"color: #00cf58;\" title=\"Grado Superior en Ense\u00f1anza y Animaci\u00f3n Sociodeportiva\" href=\"https:\/\/www.escuelavitae.com\/es\/cursos\/ensenanza-y-animacion-sociodeportiva-online\/\" target=\"_blank\" rel=\"noopener\"><span style=\"font-weight: 400;\">Grado Superior en Ense\u00f1anza y Animaci\u00f3n Sociodeportiva,<\/span><\/a><\/span>\u00a0ambos con una metodolog\u00eda flexible y adaptada a las necesidades de los deportistas en activo.<\/p><p data-start=\"467\" data-end=\"703\">Esta colaboraci\u00f3n refuerza el compromiso compartido de <strong data-start=\"522\" data-end=\"539\">VITAE y PROAD<\/strong> por ofrecer herramientas que impulsen no solo el rendimiento deportivo, sino tambi\u00e9n el crecimiento personal y profesional de quienes dedican su vida al deporte.<\/p>\t\t\t\t\t\t\t\t<\/div>\n\t\t\t\t<\/div>\n\t\t\t\t\t<\/div>\n\t\t\t\t<\/div>\n\t\t<div class=\"elementor-element elementor-element-3c8ca81 e-flex e-con-boxed e-con e-parent\" data-id=\"3c8ca81\" data-element_type=\"container\" data-e-type=\"container\">\n\t\t\t\t\t<div class=\"e-con-inner\">\n\t\t\t\t<div class=\"elementor-element elementor-element-d50bed0 elementor-widget elementor-widget-text-editor\" data-id=\"d50bed0\" data-element_type=\"widget\" data-e-type=\"widget\" data-widget_type=\"text-editor.default\">\n\t\t\t\t<div class=\"elementor-widget-container\">\n\t\t\t\t\t\t\t\t\t<h3>Nuevas \u00e1reas formativas, nuevas oportunidades<\/h3>\t\t\t\t\t\t\t\t<\/div>\n\t\t\t\t<\/div>\n\t\t\t\t\t<\/div>\n\t\t\t\t<\/div>\n\t\t<div class=\"elementor-element elementor-element-8d8001e e-flex e-con-boxed e-con e-parent\" data-id=\"8d8001e\" data-element_type=\"container\" data-e-type=\"container\">\n\t\t\t\t\t<div class=\"e-con-inner\">\n\t\t\t\t<div class=\"elementor-element elementor-element-dfe63e5 elementor-widget elementor-widget-text-editor\" data-id=\"dfe63e5\" data-element_type=\"widget\" data-e-type=\"widget\" data-widget_type=\"text-editor.default\">\n\t\t\t\t<div class=\"elementor-widget-container\">\n\t\t\t\t\t\t\t\t\t<p data-start=\"766\" data-end=\"963\">Este curso 2025-26, desde <strong data-start=\"790\" data-end=\"830\">VITAE Escuela del Deporte y la Salud<\/strong>, ampliamos nuestro compromiso con el Programa PROAD ofreciendo <strong data-start=\"894\" data-end=\"960\">nuevas becas en \u00e1reas formativas m\u00e1s all\u00e1 del \u00e1mbito deportivo<\/strong>.<\/p><p data-start=\"965\" data-end=\"1241\" data-is-last-node=\"\" data-is-only-node=\"\">Los deportistas de alto nivel pueden desarrollar su\u00a0<span style=\"color: #00cf58;\"><a style=\"color: #00cf58;\" title=\"formaci\u00f3n profesional, en modalidad online, en el \u00e1mbito sanitario y comunitario.\" href=\"https:\/\/www.escuelavitae.com\/es\/centro\/vitae-online\/\" target=\"_blank\" rel=\"noopener\"><span style=\"font-weight: 400;\">formaci\u00f3n profesional, en modalidad online,<\/span><\/a><\/span><strong> en el \u00e1mbito sanitario y comunitario.<\/strong><\/p>\t\t\t\t\t\t\t\t<\/div>\n\t\t\t\t<\/div>\n\t\t\t\t\t<\/div>\n\t\t\t\t<\/div>\n\t\t<div class=\"elementor-element elementor-element-3c0d4ec e-flex e-con-boxed e-con e-parent\" data-id=\"3c0d4ec\" data-element_type=\"container\" data-e-type=\"container\">\n\t\t\t\t\t<div class=\"e-con-inner\">\n\t\t\t\t<div class=\"elementor-element elementor-element-5871921 elementor-widget elementor-widget-text-editor\" data-id=\"5871921\" data-element_type=\"widget\" data-e-type=\"widget\" data-widget_type=\"text-editor.default\">\n\t\t\t\t<div class=\"elementor-widget-container\">\n\t\t\t\t\t\t\t\t\t<p><em><span style=\"color: #00cf58;\"><a style=\"color: #00cf58;\" title=\"V\u00eddeo resum de l'Acte d'Entrega de Premis CSD-PROAD\" href=\"https:\/\/www.youtube.com\/watch?v=YPz5ievfBWE\" target=\"_blank\" rel=\"noopener\"><span style=\"font-weight: 400;\">V\u00eddeo resumen del Acto de Entrega de Premios CSD-PROAD<\/span><\/a><\/span><\/em><\/p>\t\t\t\t\t\t\t\t<\/div>\n\t\t\t\t<\/div>\n\t\t\t\t\t<\/div>\n\t\t\t\t<\/div>\n\t\t\t\t<\/div>\n\t\t","protected":false},"excerpt":{"rendered":"<p>Premios CSD-PROAD Carrera Dual La Gala de los Premios CSD\u2013PROAD Carrera Dual 2025 ha reunido a deportistas, instituciones y entidades comprometidas con el desarrollo integral del talento deportivo. Estos premios, impulsados por el Consejo Superior de Deportes a trav\u00e9s del Programa de Atenci\u00f3n al Deportista de Alto Nivel (PROAD), reconocen a aquellos deportistas que han&#8230;<\/p>\n","protected":false},"author":5,"featured_media":1016486,"comment_status":"closed","ping_status":"closed","sticky":false,"template":"","format":"standard","meta":{"om_disable_all_campaigns":false,"footnotes":""},"categories":[620],"tags":[],"class_list":["post-1016503","post","type-post","status-publish","format-standard","has-post-thumbnail","hentry","category-sin-categorizar-es"],"aioseo_notices":[],"_links":{"self":[{"href":"https:\/\/www.escuelavitae.com\/es\/wp-json\/wp\/v2\/posts\/1016503","targetHints":{"allow":["GET"]}}],"collection":[{"href":"https:\/\/www.escuelavitae.com\/es\/wp-json\/wp\/v2\/posts"}],"about":[{"href":"https:\/\/www.escuelavitae.com\/es\/wp-json\/wp\/v2\/types\/post"}],"author":[{"embeddable":true,"href":"https:\/\/www.escuelavitae.com\/es\/wp-json\/wp\/v2\/users\/5"}],"replies":[{"embeddable":true,"href":"https:\/\/www.escuelavitae.com\/es\/wp-json\/wp\/v2\/comments?post=1016503"}],"version-history":[{"count":9,"href":"https:\/\/www.escuelavitae.com\/es\/wp-json\/wp\/v2\/posts\/1016503\/revisions"}],"predecessor-version":[{"id":1016530,"href":"https:\/\/www.escuelavitae.com\/es\/wp-json\/wp\/v2\/posts\/1016503\/revisions\/1016530"}],"wp:featuredmedia":[{"embeddable":true,"href":"https:\/\/www.escuelavitae.com\/es\/wp-json\/wp\/v2\/media\/1016486"}],"wp:attachment":[{"href":"https:\/\/www.escuelavitae.com\/es\/wp-json\/wp\/v2\/media?parent=1016503"}],"wp:term":[{"taxonomy":"category","embeddable":true,"href":"https:\/\/www.escuelavitae.com\/es\/wp-json\/wp\/v2\/categories?post=1016503"},{"taxonomy":"post_tag","embeddable":true,"href":"https:\/\/www.escuelavitae.com\/es\/wp-json\/wp\/v2\/tags?post=1016503"}],"curies":[{"name":"wp","href":"https:\/\/api.w.org\/{rel}","templated":true}]}}