{"id":1015229,"date":"2025-05-16T18:06:52","date_gmt":"2025-05-16T16:06:52","guid":{"rendered":"https:\/\/www.escuelavitae.com\/rugby-universitari-cafetera-cup\/"},"modified":"2025-10-01T11:22:48","modified_gmt":"2025-10-01T09:22:48","slug":"rugby-universitario-cafetera-cup","status":"publish","type":"post","link":"https:\/\/www.escuelavitae.com\/es\/rugby-universitario-cafetera-cup\/","title":{"rendered":"La Cafetera Cup re\u00fane en la UVic centenar de estudiantes CAFD, buen ambiente y valores"},"content":{"rendered":"\t\t<div data-elementor-type=\"wp-post\" data-elementor-id=\"1015229\" class=\"elementor elementor-1015229 elementor-1015187\" data-elementor-post-type=\"post\">\n\t\t\t\t<div class=\"elementor-element elementor-element-12765f47 e-flex e-con-boxed e-con e-parent\" data-id=\"12765f47\" data-element_type=\"container\" data-e-type=\"container\">\n\t\t\t\t\t<div class=\"e-con-inner\">\n\t\t\t\t<div class=\"elementor-element elementor-element-58a6e06 elementor-widget elementor-widget-text-editor\" data-id=\"58a6e06\" data-element_type=\"widget\" data-e-type=\"widget\" data-widget_type=\"text-editor.default\">\n\t\t\t\t<div class=\"elementor-widget-container\">\n\t\t\t\t\t\t\t\t\t<h2 class=\"\" data-start=\"210\" data-end=\"259\">Un torneo de rugby universitario que crece a\u00f1o tras a\u00f1o<\/h2>\t\t\t\t\t\t\t\t<\/div>\n\t\t\t\t<\/div>\n\t\t\t\t\t<\/div>\n\t\t\t\t<\/div>\n\t\t<div class=\"elementor-element elementor-element-38f1bfd e-flex e-con-boxed e-con e-parent\" data-id=\"38f1bfd\" data-element_type=\"container\" data-e-type=\"container\">\n\t\t\t\t\t<div class=\"e-con-inner\">\n\t\t\t\t<div class=\"elementor-element elementor-element-3d7abdb elementor-widget elementor-widget-text-editor\" data-id=\"3d7abdb\" data-element_type=\"widget\" data-e-type=\"widget\" data-widget_type=\"text-editor.default\">\n\t\t\t\t<div class=\"elementor-widget-container\">\n\t\t\t\t\t\t\t\t\t<p class=\"\" data-start=\"261\" data-end=\"603\">La Universidad de Vic acogi\u00f3 el 14 de mayo la <strong>IV edici\u00f3n de la Cafetera\u00a0Cup,<\/strong> el torneo de rugby universitario que se ha consolidado como una cita clave dentro de los grados en Ciencias de la Actividad F\u00edsica y del Deporte (CAFD) en Catalu\u00f1a.<\/p><p><strong>La jornada reuni\u00f3 cerca de 450 participante<\/strong>s entre estudiantes y profesorado de cinco universidades catalanas:<\/p><ul data-start=\"605\" data-end=\"735\"><li class=\"\" data-start=\"605\" data-end=\"624\"><p class=\"\" data-start=\"607\" data-end=\"624\">INEFC Barcelona<\/p><\/li><li class=\"\" data-start=\"625\" data-end=\"641\"><p class=\"\" data-start=\"627\" data-end=\"641\">INEFC Lleida<\/p><\/li><li class=\"\" data-start=\"642\" data-end=\"669\"><p class=\"\" data-start=\"644\" data-end=\"669\">Universitat Ramon Llull<\/p><\/li><li class=\"\" data-start=\"670\" data-end=\"712\">Universitat de Vic<\/li><li class=\"\" data-start=\"670\" data-end=\"712\"><p class=\"\" data-start=\"672\" data-end=\"712\">Vitae Escola Universit\u00e0ria de l\u2019Esport (centre adscrit a la UAO CEU)<\/p><\/li><\/ul>\t\t\t\t\t\t\t\t<\/div>\n\t\t\t\t<\/div>\n\t\t\t\t\t<\/div>\n\t\t\t\t<\/div>\n\t\t<div class=\"elementor-element elementor-element-7b620e8 e-flex e-con-boxed e-con e-parent\" data-id=\"7b620e8\" data-element_type=\"container\" data-e-type=\"container\">\n\t\t\t\t\t<div class=\"e-con-inner\">\n\t\t\t\t<div class=\"elementor-element elementor-element-b75245e elementor-widget elementor-widget-text-editor\" data-id=\"b75245e\" data-element_type=\"widget\" data-e-type=\"widget\" data-widget_type=\"text-editor.default\">\n\t\t\t\t<div class=\"elementor-widget-container\">\n\t\t\t\t\t\t\t\t\t<h3>Deporte, respeto y valores<\/h3>\t\t\t\t\t\t\t\t<\/div>\n\t\t\t\t<\/div>\n\t\t\t\t\t<\/div>\n\t\t\t\t<\/div>\n\t\t<div class=\"elementor-element elementor-element-3f0aa81 e-flex e-con-boxed e-con e-parent\" data-id=\"3f0aa81\" data-element_type=\"container\" data-e-type=\"container\">\n\t\t\t\t\t<div class=\"e-con-inner\">\n\t\t\t\t<div class=\"elementor-element elementor-element-2b0b691 elementor-widget elementor-widget-text-editor\" data-id=\"2b0b691\" data-element_type=\"widget\" data-e-type=\"widget\" data-widget_type=\"text-editor.default\">\n\t\t\t\t<div class=\"elementor-widget-container\">\n\t\t\t\t\t\t\t\t\t<p>El entusiasmo se hizo sentir dentro y fuera del campo, donde se disputaron <strong>34 partidos en categor\u00edas femenina y masculina.<\/strong> Los equipos, formados por alumnado de las diferentes instituciones, compitieron en un ambiente marcado por la energ\u00eda, el respeto y el fair play.<\/p>\t\t\t\t\t\t\t\t<\/div>\n\t\t\t\t<\/div>\n\t\t\t\t\t<\/div>\n\t\t\t\t<\/div>\n\t\t<div class=\"elementor-element elementor-element-d8f0766 e-flex e-con-boxed e-con e-parent\" data-id=\"d8f0766\" data-element_type=\"container\" data-e-type=\"container\">\n\t\t\t\t\t<div class=\"e-con-inner\">\n\t\t<div class=\"elementor-element elementor-element-7f60e6d e-con-full e-flex e-con e-child\" data-id=\"7f60e6d\" data-element_type=\"container\" data-e-type=\"container\">\n\t\t\t\t<div class=\"elementor-element elementor-element-039e283 elementor-widget elementor-widget-image\" data-id=\"039e283\" data-element_type=\"widget\" data-e-type=\"widget\" data-widget_type=\"image.default\">\n\t\t\t\t<div class=\"elementor-widget-container\">\n\t\t\t\t\t\t\t\t\t<div class=\"elementor-image\">\n\t\t\t\t\t\t\t\t\t\t\t\t\t\t\t\t\t\t\t\t\t<img fetchpriority=\"high\" decoding=\"async\" width=\"770\" height=\"1024\" src=\"https:\/\/www.escuelavitae.com\/wp-content\/uploads\/2025\/05\/equip-femeni-rugby-vitae-2-770x1024.png\" class=\"attachment-large size-large wp-image-1015224\" alt=\"Equip femen\u00ed de rugby de Vitae Escola Universit\u00e0ria de l&#039;Esport\" srcset=\"https:\/\/www.escuelavitae.com\/wp-content\/uploads\/2025\/05\/equip-femeni-rugby-vitae-2-770x1024.png 770w, https:\/\/www.escuelavitae.com\/wp-content\/uploads\/2025\/05\/equip-femeni-rugby-vitae-2-226x300.png 226w, https:\/\/www.escuelavitae.com\/wp-content\/uploads\/2025\/05\/equip-femeni-rugby-vitae-2-768x1021.png 768w, https:\/\/www.escuelavitae.com\/wp-content\/uploads\/2025\/05\/equip-femeni-rugby-vitae-2-1155x1536.png 1155w, https:\/\/www.escuelavitae.com\/wp-content\/uploads\/2025\/05\/equip-femeni-rugby-vitae-2.png 1176w\" sizes=\"(max-width: 770px) 100vw, 770px\" \/>\t\t\t\t\t\t\t\t\t\t\t\t\t\t\t\t\t\t\t\t\t\t\t\t<\/div>\n\t\t\t\t\t\t\t\t<\/div>\n\t\t\t\t<\/div>\n\t\t\t\t<\/div>\n\t\t<div class=\"elementor-element elementor-element-f08964a e-con-full e-flex e-con e-child\" data-id=\"f08964a\" data-element_type=\"container\" data-e-type=\"container\">\n\t\t<div class=\"elementor-element elementor-element-775f064 e-con-full e-flex e-con e-child\" data-id=\"775f064\" data-element_type=\"container\" data-e-type=\"container\">\n\t\t\t\t<div class=\"elementor-element elementor-element-eadb713 elementor-widget elementor-widget-text-editor\" data-id=\"eadb713\" data-element_type=\"widget\" data-e-type=\"widget\" data-widget_type=\"text-editor.default\">\n\t\t\t\t<div class=\"elementor-widget-container\">\n\t\t\t\t\t\t\t\t\t<p>El arbitraje fue a cargo de dos\u00a0exestudiants\u00a0de la UVic, un \u00e1rbitro de la Federaci\u00f3n Catalana de\u00a0Rugby\u00a0y profesorado de las asignaturas de\u00a0rugby, favoreciendo <strong>una experiencia pr\u00f3xima y formativa para todos los participantes.<\/strong><\/p><p>El acontecimiento tambi\u00e9n cont\u00f3 con el apoyo de representantes institucionales como:<\/p><ul data-start=\"1870\" data-end=\"2040\"><li class=\"\" data-start=\"1870\" data-end=\"1906\"><p class=\"\" data-start=\"1872\" data-end=\"1906\">Mila Naranjo, degana de la FETEP<\/p><\/li><li class=\"\" data-start=\"1907\" data-end=\"1990\"><p class=\"\" data-start=\"1909\" data-end=\"1990\">Gil Pla i Gemma Torres, coordinadores del grado de CAFD y del doble grado CAFD\/MEP<\/p><\/li><li class=\"\" data-start=\"1991\" data-end=\"2040\"><p class=\"\" data-start=\"1993\" data-end=\"2040\">Carles Par\u00e9s, adjunto al vicerector de la UVic<\/p><\/li><\/ul>\t\t\t\t\t\t\t\t<\/div>\n\t\t\t\t<\/div>\n\t\t\t\t<\/div>\n\t\t\t\t<\/div>\n\t\t\t\t\t<\/div>\n\t\t\t\t<\/div>\n\t\t<div class=\"elementor-element elementor-element-402a2e5 e-flex e-con-boxed e-con e-parent\" data-id=\"402a2e5\" data-element_type=\"container\" data-e-type=\"container\">\n\t\t\t\t\t<div class=\"e-con-inner\">\n\t\t\t\t<div class=\"elementor-element elementor-element-ce5f736 elementor-widget elementor-widget-text-editor\" data-id=\"ce5f736\" data-element_type=\"widget\" data-e-type=\"widget\" data-widget_type=\"text-editor.default\">\n\t\t\t\t<div class=\"elementor-widget-container\">\n\t\t\t\t\t\t\t\t\t<h3>Menci\u00f3n especial a nuestros jugadores y jugadoras<\/h3>\t\t\t\t\t\t\t\t<\/div>\n\t\t\t\t<\/div>\n\t\t\t\t\t<\/div>\n\t\t\t\t<\/div>\n\t\t<div class=\"elementor-element elementor-element-216b849 e-flex e-con-boxed e-con e-parent\" data-id=\"216b849\" data-element_type=\"container\" data-e-type=\"container\">\n\t\t\t\t\t<div class=\"e-con-inner\">\n\t\t<div class=\"elementor-element elementor-element-04f40c1 e-con-full e-flex e-con e-child\" data-id=\"04f40c1\" data-element_type=\"container\" data-e-type=\"container\">\n\t\t\t\t<div class=\"elementor-element elementor-element-e927364 elementor-widget elementor-widget-text-editor\" data-id=\"e927364\" data-element_type=\"widget\" data-e-type=\"widget\" data-widget_type=\"text-editor.default\">\n\t\t\t\t<div class=\"elementor-widget-container\">\n\t\t\t\t\t\t\t\t\t<p>1 Ruben<br \/>2 Jose Luis<br \/>3 Marc<br \/>4 Samu<br \/>5 Nacho<br \/>6 Manel<\/p>\t\t\t\t\t\t\t\t<\/div>\n\t\t\t\t<\/div>\n\t\t\t\t<\/div>\n\t\t<div class=\"elementor-element elementor-element-13fe3a6 e-con-full e-flex e-con e-child\" data-id=\"13fe3a6\" data-element_type=\"container\" data-e-type=\"container\">\n\t\t\t\t<div class=\"elementor-element elementor-element-e6d02f0 elementor-widget elementor-widget-text-editor\" data-id=\"e6d02f0\" data-element_type=\"widget\" data-e-type=\"widget\" data-widget_type=\"text-editor.default\">\n\t\t\t\t<div class=\"elementor-widget-container\">\n\t\t\t\t\t\t\t\t\t<p>7 Carlota<br \/>8 Alba<br \/>9 Mariona<br \/>10 Aritz<br \/>11 Iolanda<br \/>12 Anna<\/p>\t\t\t\t\t\t\t\t<\/div>\n\t\t\t\t<\/div>\n\t\t\t\t<\/div>\n\t\t<div class=\"elementor-element elementor-element-909d441 e-con-full e-flex e-con e-child\" data-id=\"909d441\" data-element_type=\"container\" data-e-type=\"container\">\n\t\t\t\t<div class=\"elementor-element elementor-element-545c117 elementor-widget elementor-widget-text-editor\" data-id=\"545c117\" data-element_type=\"widget\" data-e-type=\"widget\" data-widget_type=\"text-editor.default\">\n\t\t\t\t<div class=\"elementor-widget-container\">\n\t\t\t\t\t\t\t\t\t<p>13 Nil<br \/>14 Nuria<br \/>15 Ignasi<br \/>16 Quim<br \/>17 Maxim<br \/>18 Aina<\/p>\t\t\t\t\t\t\t\t<\/div>\n\t\t\t\t<\/div>\n\t\t\t\t<\/div>\n\t\t<div class=\"elementor-element elementor-element-355c791 e-con-full e-flex e-con e-child\" data-id=\"355c791\" data-element_type=\"container\" data-e-type=\"container\">\n\t\t\t\t<div class=\"elementor-element elementor-element-98fc07d elementor-widget elementor-widget-text-editor\" data-id=\"98fc07d\" data-element_type=\"widget\" data-e-type=\"widget\" data-widget_type=\"text-editor.default\">\n\t\t\t\t<div class=\"elementor-widget-container\">\n\t\t\t\t\t\t\t\t\t<div>19 Esther<\/div><div>20 Eric<\/div><div>21 Erika<\/div><div>22 Pol<\/div><div>23 Joshua<br \/>24 Gerard<\/div><div>\u00a0<\/div>\t\t\t\t\t\t\t\t<\/div>\n\t\t\t\t<\/div>\n\t\t\t\t<\/div>\n\t\t\t\t\t<\/div>\n\t\t\t\t<\/div>\n\t\t<div class=\"elementor-element elementor-element-025b663 e-flex e-con-boxed e-con e-parent\" data-id=\"025b663\" data-element_type=\"container\" data-e-type=\"container\">\n\t\t\t\t\t<div class=\"e-con-inner\">\n\t\t\t\t<div class=\"elementor-element elementor-element-102ebfb elementor-widget elementor-widget-text-editor\" data-id=\"102ebfb\" data-element_type=\"widget\" data-e-type=\"widget\" data-widget_type=\"text-editor.default\">\n\t\t\t\t<div class=\"elementor-widget-container\">\n\t\t\t\t\t\t\t\t\t<p>Estudiantes apasionados y apasionadas del deporte, unos del <span style=\"color: #00cf58;\"><a style=\"color: #00cf58;\" title=\"Grado en Ciencias de la Actividad F\u00edsica y el Deporte (CAFD)\" href=\"https:\/\/www.escuelavitae.com\/es\/cursos\/grado-en-ciencias-de-la-actividad-fisica-y-el-deporte\/\" target=\"_blank\" rel=\"noopener\"><span style=\"font-weight: 400;\">Grado en Ciencias de la Actividad F\u00edsica y el Deporte<\/span><\/a> (CAFD)<\/span>, y otros de los Gradoss Superiores de <span style=\"color: #00cf58;\"><a style=\"color: #00cf58;\" title=\"Acondicionamiento F\u00edsico\" href=\"https:\/\/www.escuelavitae.com\/es\/cursos\/cfgs-acondicionamiento-fisico\/\" target=\"_blank\" rel=\"noopener\"><span style=\"font-weight: 400;\">Acondicionamiento F\u00edsico<\/span><\/a><\/span> y de <span style=\"color: #00cf58;\"><a style=\"color: #00cf58;\" title=\"Ense\u00f1anza y Animaci\u00f3n Sociodeportiva\" href=\"https:\/\/www.escuelavitae.com\/es\/cursos\/cfgs-ensenanza-animacion-sociodeportiva\/\" target=\"_blank\" rel=\"noopener\"><span style=\"font-weight: 400;\">Ense\u00f1anza y Animaci\u00f3n Sociodeportiva<\/span><\/a><\/span>, han compartido no solo esta jornada, sino que han creado v\u00ednculo y han suadado la camiseta en cada entrenamiento.<\/p>\t\t\t\t\t\t\t\t<\/div>\n\t\t\t\t<\/div>\n\t\t\t\t\t<\/div>\n\t\t\t\t<\/div>\n\t\t<div class=\"elementor-element elementor-element-5ff317c e-flex e-con-boxed e-con e-parent\" data-id=\"5ff317c\" data-element_type=\"container\" data-e-type=\"container\">\n\t\t\t\t\t<div class=\"e-con-inner\">\n\t\t\t\t<div class=\"elementor-element elementor-element-a299dc5 elementor-widget elementor-widget-text-editor\" data-id=\"a299dc5\" data-element_type=\"widget\" data-e-type=\"widget\" data-widget_type=\"text-editor.default\">\n\t\t\t\t<div class=\"elementor-widget-container\">\n\t\t\t\t\t\t\t\t\t<h2>Tradici\u00f3n y hermandad<\/h2>\t\t\t\t\t\t\t\t<\/div>\n\t\t\t\t<\/div>\n\t\t\t\t\t<\/div>\n\t\t\t\t<\/div>\n\t\t<div class=\"elementor-element elementor-element-7f6b6cf e-flex e-con-boxed e-con e-parent\" data-id=\"7f6b6cf\" data-element_type=\"container\" data-e-type=\"container\">\n\t\t\t\t\t<div class=\"e-con-inner\">\n\t\t\t\t<div class=\"elementor-element elementor-element-8b30d02 elementor-widget elementor-widget-text-editor\" data-id=\"8b30d02\" data-element_type=\"widget\" data-e-type=\"widget\" data-widget_type=\"text-editor.default\">\n\t\t\t\t<div class=\"elementor-widget-container\">\n\t\t\t\t\t\t\t\t\t<p>Una vez finalizados los enfrentamientos, <strong>la jornada concluy\u00f3 con el cl\u00e1sico tercer tiempo, una tradici\u00f3n del mundo del\u00a0rugby<\/strong> en que los equipos comparten comida, conversaciones y buen humor. Es un espacio informal que refuerza el compa\u00f1erismo y el sentido de comunidad entre las diferentes universidades.<br \/><br \/>La Cafetera\u00a0Cup\u00a0se presenta como <strong>una oportunidad \u00fanica para que el alumnado ponga en pr\u00e1ctica los conocimientos adquiridos en las aulas y en el campo,<\/strong> <strong>en un entorno real, competitivo y colaborativo.<\/strong> El objetivo del torneo se mantiene fiel a su esencia: <em>disfrutar de la actividad f\u00edsica, fomentar la convivencia y transmitir los valores esenciales del\u00a0rugby, como el respeto y el trabajo en equipo.<\/em><\/p>\t\t\t\t\t\t\t\t<\/div>\n\t\t\t\t<\/div>\n\t\t\t\t\t<\/div>\n\t\t\t\t<\/div>\n\t\t<div class=\"elementor-element elementor-element-be2f5a6 e-flex e-con-boxed e-con e-parent\" data-id=\"be2f5a6\" data-element_type=\"container\" data-e-type=\"container\">\n\t\t\t\t\t<div class=\"e-con-inner\">\n\t\t\t\t<div class=\"elementor-element elementor-element-d0c3a4c elementor-widget elementor-widget-spacer\" data-id=\"d0c3a4c\" data-element_type=\"widget\" data-e-type=\"widget\" data-widget_type=\"spacer.default\">\n\t\t\t\t<div class=\"elementor-widget-container\">\n\t\t\t\t\t\t\t<div class=\"elementor-spacer\">\n\t\t\t<div class=\"elementor-spacer-inner\"><\/div>\n\t\t<\/div>\n\t\t\t\t\t\t<\/div>\n\t\t\t\t<\/div>\n\t\t\t\t<div class=\"elementor-element elementor-element-42e6f78 elementor-widget elementor-widget-text-editor\" data-id=\"42e6f78\" data-element_type=\"widget\" data-e-type=\"widget\" data-widget_type=\"text-editor.default\">\n\t\t\t\t<div class=\"elementor-widget-container\">\n\t\t\t\t\t\t\t\t\t<blockquote><h2>\u00abFue un d\u00eda para placar, hacer mel\u00e9s y pasar la pelota, pero sobre todo para disfrutar del compa\u00f1erismo que solo el rugby sabe generar\u00bb.<\/h2><\/blockquote>\t\t\t\t\t\t\t\t<\/div>\n\t\t\t\t<\/div>\n\t\t\t\t\t<\/div>\n\t\t\t\t<\/div>\n\t\t<div class=\"elementor-element elementor-element-8d8001e e-flex e-con-boxed e-con e-parent\" data-id=\"8d8001e\" data-element_type=\"container\" data-e-type=\"container\">\n\t\t\t\t\t<div class=\"e-con-inner\">\n\t\t\t\t<div class=\"elementor-element elementor-element-dfe63e5 elementor-widget elementor-widget-text-editor\" data-id=\"dfe63e5\" data-element_type=\"widget\" data-e-type=\"widget\" data-widget_type=\"text-editor.default\">\n\t\t\t\t<div class=\"elementor-widget-container\">\n\t\t\t\t\t\t\t\t\t<p>Mari\u00e0 Pasarello, <em>organizador Cafetera CUP.<\/em><\/p><p><em>Docente deportes colectivos (rugby) del Grado en Ciencias de la Actividad F\u00edsica y el Deporte, Entrenador de rugby del Club Deportivo Vitae y Doctorado en Traducci\u00f3n, G\u00e9nere y Estudios Culturales.\u00a0<\/em><\/p><p><em><span style=\"font-weight: 400;\">[<\/span><span style=\"color: #00cf58;\"><a style=\"color: #00cf58;\" title=\"Resum IV edici\u00f3 de la Cafetera Cup - El 9 TV\" href=\"https:\/\/www.instagram.com\/p\/DJq2qwHI2m2\/\" target=\"_blank\" rel=\"noopener\"><span style=\"font-weight: 400;\">Resumen IV edici\u00f3n de la Cafetera Cup &#8211; El 9 TV<\/span><\/a><\/span><span style=\"font-weight: 400;\">]<\/span><\/em><\/p>\t\t\t\t\t\t\t\t<\/div>\n\t\t\t\t<\/div>\n\t\t\t\t\t<\/div>\n\t\t\t\t<\/div>\n\t\t\t\t<\/div>\n\t\t","protected":false},"excerpt":{"rendered":"<p>Un torneo de rugby universitario que crece a\u00f1o tras a\u00f1o La Universidad de Vic acogi\u00f3 el 14 de mayo la IV edici\u00f3n de la Cafetera\u00a0Cup, el torneo de rugby universitario que se ha consolidado como una cita clave dentro de los grados en Ciencias de la Actividad F\u00edsica y del Deporte (CAFD) en Catalu\u00f1a. La&#8230;<\/p>\n","protected":false},"author":5,"featured_media":1015198,"comment_status":"closed","ping_status":"closed","sticky":false,"template":"","format":"standard","meta":{"om_disable_all_campaigns":false,"footnotes":""},"categories":[1],"tags":[],"class_list":["post-1015229","post","type-post","status-publish","format-standard","has-post-thumbnail","hentry","category-sin-categorizar"],"aioseo_notices":[],"_links":{"self":[{"href":"https:\/\/www.escuelavitae.com\/es\/wp-json\/wp\/v2\/posts\/1015229","targetHints":{"allow":["GET"]}}],"collection":[{"href":"https:\/\/www.escuelavitae.com\/es\/wp-json\/wp\/v2\/posts"}],"about":[{"href":"https:\/\/www.escuelavitae.com\/es\/wp-json\/wp\/v2\/types\/post"}],"author":[{"embeddable":true,"href":"https:\/\/www.escuelavitae.com\/es\/wp-json\/wp\/v2\/users\/5"}],"replies":[{"embeddable":true,"href":"https:\/\/www.escuelavitae.com\/es\/wp-json\/wp\/v2\/comments?post=1015229"}],"version-history":[{"count":23,"href":"https:\/\/www.escuelavitae.com\/es\/wp-json\/wp\/v2\/posts\/1015229\/revisions"}],"predecessor-version":[{"id":1016118,"href":"https:\/\/www.escuelavitae.com\/es\/wp-json\/wp\/v2\/posts\/1015229\/revisions\/1016118"}],"wp:featuredmedia":[{"embeddable":true,"href":"https:\/\/www.escuelavitae.com\/es\/wp-json\/wp\/v2\/media\/1015198"}],"wp:attachment":[{"href":"https:\/\/www.escuelavitae.com\/es\/wp-json\/wp\/v2\/media?parent=1015229"}],"wp:term":[{"taxonomy":"category","embeddable":true,"href":"https:\/\/www.escuelavitae.com\/es\/wp-json\/wp\/v2\/categories?post=1015229"},{"taxonomy":"post_tag","embeddable":true,"href":"https:\/\/www.escuelavitae.com\/es\/wp-json\/wp\/v2\/tags?post=1015229"}],"curies":[{"name":"wp","href":"https:\/\/api.w.org\/{rel}","templated":true}]}}