{"id":1013677,"date":"2025-03-03T12:41:07","date_gmt":"2025-03-03T11:41:07","guid":{"rendered":"https:\/\/www.escuelavitae.com\/?p=1013677"},"modified":"2025-03-03T14:07:36","modified_gmt":"2025-03-03T13:07:36","slug":"el-deporte-herramienta-de-inclusion-y-nuevas-oportunidades","status":"publish","type":"post","link":"https:\/\/www.escuelavitae.com\/es\/el-deporte-herramienta-de-inclusion-y-nuevas-oportunidades\/","title":{"rendered":"El Deporte, herramienta de inclusi\u00f3n y nuevas oportunidades"},"content":{"rendered":"\t\t<div data-elementor-type=\"wp-post\" data-elementor-id=\"1013677\" class=\"elementor elementor-1013677\" data-elementor-post-type=\"post\">\n\t\t\t\t<div class=\"elementor-element elementor-element-12765f47 e-flex e-con-boxed e-con e-parent\" data-id=\"12765f47\" data-element_type=\"container\" data-e-type=\"container\">\n\t\t\t\t\t<div class=\"e-con-inner\">\n\t\t\t\t<div class=\"elementor-element elementor-element-58a6e06 elementor-widget elementor-widget-text-editor\" data-id=\"58a6e06\" data-element_type=\"widget\" data-e-type=\"widget\" data-widget_type=\"text-editor.default\">\n\t\t\t\t<div class=\"elementor-widget-container\">\n\t\t\t\t\t\t\t\t\t<h2>El deporte es un poderoso impulsor de la transformaci\u00f3n social.\u00a0<\/h2>\t\t\t\t\t\t\t\t<\/div>\n\t\t\t\t<\/div>\n\t\t\t\t\t<\/div>\n\t\t\t\t<\/div>\n\t\t<div class=\"elementor-element elementor-element-38f1bfd e-flex e-con-boxed e-con e-parent\" data-id=\"38f1bfd\" data-element_type=\"container\" data-e-type=\"container\">\n\t\t\t\t\t<div class=\"e-con-inner\">\n\t\t\t\t<div class=\"elementor-element elementor-element-3d7abdb elementor-widget elementor-widget-text-editor\" data-id=\"3d7abdb\" data-element_type=\"widget\" data-e-type=\"widget\" data-widget_type=\"text-editor.default\">\n\t\t\t\t<div class=\"elementor-widget-container\">\n\t\t\t\t\t\t\t\t\t<p><span style=\"font-weight: 400;\"><strong>En distintos contextos, la actividad f\u00edsica y el deporte ha demostrado ser un motor para la integraci\u00f3n de personas en riesgo de exclusi\u00f3n social,<\/strong> brind\u00e1ndoles no solo bienestar f\u00edsico, sino tambi\u00e9n valores esenciales como la disciplina, el trabajo en equipo y la superaci\u00f3n personal.<\/span><\/p><p><span style=\"font-weight: 400;\">La inclusi\u00f3n social mediante el deporte es un fen\u00f3meno que ha sido ampliamente estudiado en el \u00e1mbito acad\u00e9mico, evidenciando su impacto positivo en diferentes colectivos de la sociedad.<\/span><\/p>\t\t\t\t\t\t\t\t<\/div>\n\t\t\t\t<\/div>\n\t\t\t\t\t<\/div>\n\t\t\t\t<\/div>\n\t\t<div class=\"elementor-element elementor-element-7b620e8 e-flex e-con-boxed e-con e-parent\" data-id=\"7b620e8\" data-element_type=\"container\" data-e-type=\"container\">\n\t\t\t\t\t<div class=\"e-con-inner\">\n\t\t\t\t<div class=\"elementor-element elementor-element-b75245e elementor-widget elementor-widget-text-editor\" data-id=\"b75245e\" data-element_type=\"widget\" data-e-type=\"widget\" data-widget_type=\"text-editor.default\">\n\t\t\t\t<div class=\"elementor-widget-container\">\n\t\t\t\t\t\t\t\t\t<h3>\u00bfC\u00f3mo influye la pr\u00e1ctica deportiva en comunidades que se encuentran en riesgo de exclusi\u00f3n?<\/h3>\t\t\t\t\t\t\t\t<\/div>\n\t\t\t\t<\/div>\n\t\t\t\t\t<\/div>\n\t\t\t\t<\/div>\n\t\t<div class=\"elementor-element elementor-element-3f0aa81 e-flex e-con-boxed e-con e-parent\" data-id=\"3f0aa81\" data-element_type=\"container\" data-e-type=\"container\">\n\t\t\t\t\t<div class=\"e-con-inner\">\n\t\t\t\t<div class=\"elementor-element elementor-element-2b0b691 elementor-widget elementor-widget-text-editor\" data-id=\"2b0b691\" data-element_type=\"widget\" data-e-type=\"widget\" data-widget_type=\"text-editor.default\">\n\t\t\t\t<div class=\"elementor-widget-container\">\n\t\t\t\t\t\t\t\t\t<p><span style=\"font-weight: 400;\">Diversos colectivos vulnerables encuentran en el deporte una v\u00eda para la reinserci\u00f3n en la sociedad. Entre ellos destacan:<\/span><\/p><ul><li style=\"font-weight: 400;\" aria-level=\"1\"><span style=\"font-weight: 400;\"><b>E<\/b><\/span><span style=\"font-weight: 400;\"><strong>n comunidades marginadas y situaci\u00f3n de pobreza,<\/strong> el deporte ofrece un espacio de contenci\u00f3n y desarrollo para ni\u00f1os, j\u00f3venes y adultos.<\/span><\/li><\/ul><p><span style=\"font-weight: 400;\">Organizaciones y fundaciones han impulsado programas que facilitan el acceso a entrenamientos y competiciones, promoviendo la igualdad de oportunidades. Adem\u00e1s, permite generar redes de apoyo y fomentar el sentido de pertenencia.<\/span><\/p>\t\t\t\t\t\t\t\t<\/div>\n\t\t\t\t<\/div>\n\t\t\t\t\t<\/div>\n\t\t\t\t<\/div>\n\t\t<div class=\"elementor-element elementor-element-d8f0766 e-flex e-con-boxed e-con e-parent\" data-id=\"d8f0766\" data-element_type=\"container\" data-e-type=\"container\">\n\t\t\t\t\t<div class=\"e-con-inner\">\n\t\t<div class=\"elementor-element elementor-element-7f60e6d e-con-full e-flex e-con e-child\" data-id=\"7f60e6d\" data-element_type=\"container\" data-e-type=\"container\">\n\t\t\t\t<div class=\"elementor-element elementor-element-039e283 elementor-widget elementor-widget-image\" data-id=\"039e283\" data-element_type=\"widget\" data-e-type=\"widget\" data-widget_type=\"image.default\">\n\t\t\t\t<div class=\"elementor-widget-container\">\n\t\t\t\t\t\t\t\t\t<div class=\"elementor-image\">\n\t\t\t\t\t\t\t\t\t\t\t\t\t\t\t\t\t\t\t\t\t<img fetchpriority=\"high\" decoding=\"async\" width=\"1024\" height=\"682\" src=\"https:\/\/www.escuelavitae.com\/wp-content\/uploads\/2025\/02\/tenis-silla-1024x682.jpg\" class=\"attachment-large size-large wp-image-1013357\" alt=\"Jugadora de tenis paral\u00edmpica\" srcset=\"https:\/\/www.escuelavitae.com\/wp-content\/uploads\/2025\/02\/tenis-silla-1024x682.jpg 1024w, https:\/\/www.escuelavitae.com\/wp-content\/uploads\/2025\/02\/tenis-silla-300x200.jpg 300w, https:\/\/www.escuelavitae.com\/wp-content\/uploads\/2025\/02\/tenis-silla-768x512.jpg 768w, https:\/\/www.escuelavitae.com\/wp-content\/uploads\/2025\/02\/tenis-silla-1536x1024.jpg 1536w, https:\/\/www.escuelavitae.com\/wp-content\/uploads\/2025\/02\/tenis-silla.jpg 2000w\" sizes=\"(max-width: 1024px) 100vw, 1024px\" \/>\t\t\t\t\t\t\t\t\t\t\t\t\t\t\t\t\t\t\t\t\t\t\t\t<\/div>\n\t\t\t\t\t\t\t\t<\/div>\n\t\t\t\t<\/div>\n\t\t\t\t<\/div>\n\t\t<div class=\"elementor-element elementor-element-f08964a e-con-full e-flex e-con e-child\" data-id=\"f08964a\" data-element_type=\"container\" data-e-type=\"container\">\n\t\t<div class=\"elementor-element elementor-element-775f064 e-con-full e-flex e-con e-child\" data-id=\"775f064\" data-element_type=\"container\" data-e-type=\"container\">\n\t\t\t\t<div class=\"elementor-element elementor-element-eadb713 elementor-widget elementor-widget-text-editor\" data-id=\"eadb713\" data-element_type=\"widget\" data-e-type=\"widget\" data-widget_type=\"text-editor.default\">\n\t\t\t\t<div class=\"elementor-widget-container\">\n\t\t\t\t\t\t\t\t\t<ul><li><span style=\"font-weight: 400;\"><strong>El deporte adaptado<\/strong> ha cobrado gran relevancia, permitiendo a personas demostrar sus capacidades en igualdad de condiciones y fomentando una sociedad m\u00e1s inclusiva.<\/span><\/li><\/ul><p>A nivel emocional, practicar ejercicio tiene un impacto positivo en el manejo del estr\u00e9s o la ansiedad y fomenta la autoconfianza.<\/p>\t\t\t\t\t\t\t\t<\/div>\n\t\t\t\t<\/div>\n\t\t\t\t<\/div>\n\t\t\t\t<\/div>\n\t\t\t\t\t<\/div>\n\t\t\t\t<\/div>\n\t\t<div class=\"elementor-element elementor-element-5417a80 e-flex e-con-boxed e-con e-parent\" data-id=\"5417a80\" data-element_type=\"container\" data-e-type=\"container\">\n\t\t\t\t\t<div class=\"e-con-inner\">\n\t\t\t\t<div class=\"elementor-element elementor-element-5eba1de elementor-widget elementor-widget-text-editor\" data-id=\"5eba1de\" data-element_type=\"widget\" data-e-type=\"widget\" data-widget_type=\"text-editor.default\">\n\t\t\t\t<div class=\"elementor-widget-container\">\n\t\t\t\t\t\t\t\t\t<ul><li style=\"font-weight: 400;\" aria-level=\"1\"><span style=\"font-weight: 400;\">En muchos pa\u00edses, <strong>el deporte se ha convertido en un v\u00ednculo que une a personas de diferentes culturas,<\/strong> facilitando a personas inmigrantes la integraci\u00f3n\u00a0 y el aprendizaje del idioma.<\/span><\/li><\/ul><p><span style=\"font-weight: 400;\">Mediante actividades deportivas organizadas, se fortalecen las interacciones interculturales y se promueve la tolerancia, lo que contribuye a la cohesi\u00f3n social en comunidades cada vez m\u00e1s diversas.<\/span><\/p>\t\t\t\t\t\t\t\t<\/div>\n\t\t\t\t<\/div>\n\t\t\t\t\t<\/div>\n\t\t\t\t<\/div>\n\t\t<div class=\"elementor-element elementor-element-5ff317c e-flex e-con-boxed e-con e-parent\" data-id=\"5ff317c\" data-element_type=\"container\" data-e-type=\"container\">\n\t\t\t\t\t<div class=\"e-con-inner\">\n\t\t\t\t<div class=\"elementor-element elementor-element-a299dc5 elementor-widget elementor-widget-text-editor\" data-id=\"a299dc5\" data-element_type=\"widget\" data-e-type=\"widget\" data-widget_type=\"text-editor.default\">\n\t\t\t\t<div class=\"elementor-widget-container\">\n\t\t\t\t\t\t\t\t\t<h2>Un camino hacia la reinserci\u00f3n<\/h2>\t\t\t\t\t\t\t\t<\/div>\n\t\t\t\t<\/div>\n\t\t\t\t\t<\/div>\n\t\t\t\t<\/div>\n\t\t<div class=\"elementor-element elementor-element-7f6b6cf e-flex e-con-boxed e-con e-parent\" data-id=\"7f6b6cf\" data-element_type=\"container\" data-e-type=\"container\">\n\t\t\t\t\t<div class=\"e-con-inner\">\n\t\t\t\t<div class=\"elementor-element elementor-element-8b30d02 elementor-widget elementor-widget-text-editor\" data-id=\"8b30d02\" data-element_type=\"widget\" data-e-type=\"widget\" data-widget_type=\"text-editor.default\">\n\t\t\t\t<div class=\"elementor-widget-container\">\n\t\t\t\t\t\t\t\t\t<p><span style=\"font-weight: 400;\">Dentro del sistema penitenciario, el deporte ha demostrado ser un instrumento clave para la rehabilitaci\u00f3n de las personas internas. Las actividades deportivas en las prisiones ayudan a:<\/span><\/p><ul><li style=\"font-weight: 400;\" aria-level=\"1\"><b>Canalizar la energ\u00eda<\/b><span style=\"font-weight: 400;\">, hecho que ayuda a disminuir los conflictos dentro de prisi\u00f3n.<\/span><\/li><li style=\"font-weight: 400;\" aria-level=\"1\"><b>Fomentar la disciplina y el respeto<\/b><span style=\"font-weight: 400;\">, valores fundamentales que contribuyen a una mayor estabilidad emocional y social.<\/span><\/li><li style=\"font-weight: 400;\" aria-level=\"1\"><b style=\"color: var(--vamtam-widget-text-lighter); letter-spacing: var( --e-global-typography-vamtam_primary_font-letter-spacing, normal ); text-transform: var( --e-global-typography-vamtam_primary_font-transform, none );\">Generar un sentimiento de comunidad y pertenencia<\/b><span style=\"font-weight: 400;\"> que favorece la convivencia y establece relaciones interpersonales m\u00e1s sanas.<\/span><\/li><\/ul>\t\t\t\t\t\t\t\t<\/div>\n\t\t\t\t<\/div>\n\t\t\t\t\t<\/div>\n\t\t\t\t<\/div>\n\t\t<div class=\"elementor-element elementor-element-73609b3 e-flex e-con-boxed e-con e-parent\" data-id=\"73609b3\" data-element_type=\"container\" data-e-type=\"container\">\n\t\t\t\t\t<div class=\"e-con-inner\">\n\t\t\t\t<div class=\"elementor-element elementor-element-268f1e1 elementor-widget elementor-widget-text-editor\" data-id=\"268f1e1\" data-element_type=\"widget\" data-e-type=\"widget\" data-widget_type=\"text-editor.default\">\n\t\t\t\t<div class=\"elementor-widget-container\">\n\t\t\t\t\t\t\t\t\t<h3>Jornada Deportiva en el Centro Penitenciario Lledoners<\/h3>\t\t\t\t\t\t\t\t<\/div>\n\t\t\t\t<\/div>\n\t\t\t\t\t<\/div>\n\t\t\t\t<\/div>\n\t\t<div class=\"elementor-element elementor-element-ee3500d e-flex e-con-boxed e-con e-parent\" data-id=\"ee3500d\" data-element_type=\"container\" data-e-type=\"container\">\n\t\t\t\t\t<div class=\"e-con-inner\">\n\t\t\t\t<div class=\"elementor-element elementor-element-02601b0 custom-link-hover elementor-widget elementor-widget-text-editor\" data-id=\"02601b0\" data-element_type=\"widget\" data-e-type=\"widget\" data-widget_type=\"text-editor.default\">\n\t\t\t\t<div class=\"elementor-widget-container\">\n\t\t\t\t\t\t\t\t\t<p><span style=\"font-weight: 400;\">Como profesionales y promotores del deporte, en Escola Vitae hemos llevado a cabo por segundo a\u00f1o una jornada deportiva en el Centro Penitenciario de Lledoners. Una <\/span><span style=\"font-weight: 400;\">actividad que tiene como prop\u00f3sito fortalecer los lazos de inclusi\u00f3n social a trav\u00e9s del deporte, fomentando el desarrollo personal y social.<\/span><\/p>\t\t\t\t\t\t\t\t<\/div>\n\t\t\t\t<\/div>\n\t\t\t\t\t<\/div>\n\t\t\t\t<\/div>\n\t\t<div class=\"elementor-element elementor-element-1c0626e e-flex e-con-boxed e-con e-parent\" data-id=\"1c0626e\" data-element_type=\"container\" data-e-type=\"container\">\n\t\t\t\t\t<div class=\"e-con-inner\">\n\t\t<div class=\"elementor-element elementor-element-37accf3 e-con-full e-flex e-con e-child\" data-id=\"37accf3\" data-element_type=\"container\" data-e-type=\"container\">\n\t\t\t\t<div class=\"elementor-element elementor-element-fc6433a elementor-widget elementor-widget-image\" data-id=\"fc6433a\" data-element_type=\"widget\" data-e-type=\"widget\" data-widget_type=\"image.default\">\n\t\t\t\t<div class=\"elementor-widget-container\">\n\t\t\t\t\t\t\t\t\t<div class=\"elementor-image\">\n\t\t\t\t\t\t\t\t\t\t\t\t\t\t\t\t\t\t\t\t\t<img decoding=\"async\" width=\"1024\" height=\"768\" src=\"https:\/\/www.escuelavitae.com\/wp-content\/uploads\/2025\/03\/vitae-jornada-lledoners-1024x768.jpg\" class=\"attachment-large size-large wp-image-1013654\" alt=\"Jornada esportiva en centre penitenciari\" srcset=\"https:\/\/www.escuelavitae.com\/wp-content\/uploads\/2025\/03\/vitae-jornada-lledoners-1024x768.jpg 1024w, https:\/\/www.escuelavitae.com\/wp-content\/uploads\/2025\/03\/vitae-jornada-lledoners-300x225.jpg 300w, https:\/\/www.escuelavitae.com\/wp-content\/uploads\/2025\/03\/vitae-jornada-lledoners-768x576.jpg 768w, https:\/\/www.escuelavitae.com\/wp-content\/uploads\/2025\/03\/vitae-jornada-lledoners-1536x1152.jpg 1536w, https:\/\/www.escuelavitae.com\/wp-content\/uploads\/2025\/03\/vitae-jornada-lledoners-2048x1536.jpg 2048w\" sizes=\"(max-width: 1024px) 100vw, 1024px\" \/>\t\t\t\t\t\t\t\t\t\t\t\t\t\t\t\t\t\t\t\t\t\t\t\t<\/div>\n\t\t\t\t\t\t\t\t<\/div>\n\t\t\t\t<\/div>\n\t\t\t\t<\/div>\n\t\t<div class=\"elementor-element elementor-element-072cad9 e-con-full e-flex e-con e-child\" data-id=\"072cad9\" data-element_type=\"container\" data-e-type=\"container\">\n\t\t<div class=\"elementor-element elementor-element-e8ffbce e-con-full e-flex e-con e-child\" data-id=\"e8ffbce\" data-element_type=\"container\" data-e-type=\"container\">\n\t\t\t\t<div class=\"elementor-element elementor-element-870515a elementor-widget elementor-widget-text-editor\" data-id=\"870515a\" data-element_type=\"widget\" data-e-type=\"widget\" data-widget_type=\"text-editor.default\">\n\t\t\t\t<div class=\"elementor-widget-container\">\n\t\t\t\t\t\t\t\t\t<p><span style=\"font-weight: 400;\"><strong>Nuestros alumnos de segundo del Grado Superior de Acondicionamiento F\u00edsico de Vitae Les Corts,<\/strong> quienes pudieron conocer el funcionamiento del centro y desafiar muchas creencias preconcebidas sobre estos entornos, <strong>se encargaron de dise\u00f1ar y dinamizar diversas pruebas deportivas<\/strong> en formato de relevos, circuitos y ejercicios de fuerza.\u00a0<\/span><\/p>\t\t\t\t\t\t\t\t<\/div>\n\t\t\t\t<\/div>\n\t\t\t\t<\/div>\n\t\t\t\t<\/div>\n\t\t\t\t\t<\/div>\n\t\t\t\t<\/div>\n\t\t<div class=\"elementor-element elementor-element-80843b9 e-flex e-con-boxed e-con e-parent\" data-id=\"80843b9\" data-element_type=\"container\" data-e-type=\"container\">\n\t\t\t\t\t<div class=\"e-con-inner\">\n\t\t\t\t<div class=\"elementor-element elementor-element-7767422 custom-link-hover elementor-widget elementor-widget-text-editor\" data-id=\"7767422\" data-element_type=\"widget\" data-e-type=\"widget\" data-widget_type=\"text-editor.default\">\n\t\t\t\t<div class=\"elementor-widget-container\">\n\t\t\t\t\t\t\t\t\t<p><span style=\"font-weight: 400;\">Previamente a la jornada tuvimos un encuentro que sirvi\u00f3 para contextualizar la actividad, fomentar el intercambio de preguntas y experiencias, y contribuir a romper mitos sobre la vida en prisi\u00f3n.<\/span><\/p><p><span style=\"font-weight: 400;\">La interacci\u00f3n entre alumnos e internos fortaleci\u00f3 la comprensi\u00f3n mutua y puso en evidencia c\u00f3mo <strong>el deporte puede ser una v\u00eda efectiva para la reinserci\u00f3n social y laboral.<\/strong><\/span><\/p>\t\t\t\t\t\t\t\t<\/div>\n\t\t\t\t<\/div>\n\t\t\t\t\t<\/div>\n\t\t\t\t<\/div>\n\t\t<div class=\"elementor-element elementor-element-be2f5a6 e-flex e-con-boxed e-con e-parent\" data-id=\"be2f5a6\" data-element_type=\"container\" data-e-type=\"container\">\n\t\t\t\t\t<div class=\"e-con-inner\">\n\t\t\t\t<div class=\"elementor-element elementor-element-42e6f78 elementor-widget elementor-widget-text-editor\" data-id=\"42e6f78\" data-element_type=\"widget\" data-e-type=\"widget\" data-widget_type=\"text-editor.default\">\n\t\t\t\t<div class=\"elementor-widget-container\">\n\t\t\t\t\t\t\t\t\t<blockquote><h2>\u00abEstoy muy contento con la actividad y espero poder continuar haci\u00e9ndola durante muchos a\u00f1os\u00bb.<\/h2><\/blockquote>\t\t\t\t\t\t\t\t<\/div>\n\t\t\t\t<\/div>\n\t\t\t\t\t<\/div>\n\t\t\t\t<\/div>\n\t\t<div class=\"elementor-element elementor-element-8d8001e e-flex e-con-boxed e-con e-parent\" data-id=\"8d8001e\" data-element_type=\"container\" data-e-type=\"container\">\n\t\t\t\t\t<div class=\"e-con-inner\">\n\t\t\t\t<div class=\"elementor-element elementor-element-dfe63e5 elementor-widget elementor-widget-text-editor\" data-id=\"dfe63e5\" data-element_type=\"widget\" data-e-type=\"widget\" data-widget_type=\"text-editor.default\">\n\t\t\t\t<div class=\"elementor-widget-container\">\n\t\t\t\t\t\t\t\t\t<p><span style=\"font-weight: 400;\">Creo que es una experiencia muy enriquecedora para los alumnos y tambi\u00e9n para los internos, a los cuales el deporte los puede ayudar mucho en su proceso de reinserci\u00f3n\u201d. <\/span><i><span style=\"font-weight: 400;\">Marc Torralba, Coordinador Escola Vitae Les Corts.<\/span><\/i><\/p><p><em><span style=\"font-weight: 400;\">[<\/span><span style=\"color: #00cf58;\"><a style=\"color: #00cf58;\" href=\"https:\/\/www.escuelavitae.com\/es\/exalumnos\/\" target=\"_blank\" rel=\"noopener\"><span style=\"font-weight: 400;\">Conoce la trayectoria de Marc Torralba, <\/span><\/a>de alumno a docente en Vitae<\/span><span style=\"font-weight: 400;\">]<\/span><\/em><\/p>\t\t\t\t\t\t\t\t<\/div>\n\t\t\t\t<\/div>\n\t\t\t\t\t<\/div>\n\t\t\t\t<\/div>\n\t\t<div class=\"elementor-element elementor-element-e77248b e-flex e-con-boxed e-con e-parent\" data-id=\"e77248b\" data-element_type=\"container\" data-e-type=\"container\">\n\t\t\t\t\t<div class=\"e-con-inner\">\n\t\t\t\t<div class=\"elementor-element elementor-element-05aed43 elementor-widget elementor-widget-text-editor\" data-id=\"05aed43\" data-element_type=\"widget\" data-e-type=\"widget\" data-widget_type=\"text-editor.default\">\n\t\t\t\t<div class=\"elementor-widget-container\">\n\t\t\t\t\t\t\t\t\t<h2>Hacia un futuro mejor, de la mano del deporte y la actividad f\u00edsica<\/h2>\t\t\t\t\t\t\t\t<\/div>\n\t\t\t\t<\/div>\n\t\t\t\t\t<\/div>\n\t\t\t\t<\/div>\n\t\t<div class=\"elementor-element elementor-element-e5656b2 e-flex e-con-boxed e-con e-parent\" data-id=\"e5656b2\" data-element_type=\"container\" data-e-type=\"container\">\n\t\t\t\t\t<div class=\"e-con-inner\">\n\t\t\t\t<div class=\"elementor-element elementor-element-05b5700 elementor-widget elementor-widget-text-editor\" data-id=\"05b5700\" data-element_type=\"widget\" data-e-type=\"widget\" data-widget_type=\"text-editor.default\">\n\t\t\t\t<div class=\"elementor-widget-container\">\n\t\t\t\t\t\t\t\t\t<p><span style=\"font-weight: 400;\">Invertir en programas deportivos para estos colectivos no solo mejora su calidad de vida, sino que tambi\u00e9n fortalece el tejido social y ofrece nuevas oportunidades a quienes m\u00e1s lo necesitan. <\/span><\/p><p><span style=\"font-weight: 400;\"><strong>El deporte cambia vida y construye sociedades m\u00e1s justas e inclusivas. <\/strong><\/span><\/p><p><span style=\"font-weight: 400;\">Desde una perspectiva acad\u00e9mica y sociol\u00f3gica, el deporte se ha consolidado como una poderosa herramienta para promover la equidad social y el desarrollo humano, representando una inversi\u00f3n en el futuro de las comunidades y en la construcci\u00f3n de una sociedad m\u00e1s inclusiva y resiliente.<\/span><\/p>\t\t\t\t\t\t\t\t<\/div>\n\t\t\t\t<\/div>\n\t\t\t\t\t<\/div>\n\t\t\t\t<\/div>\n\t\t\t\t<\/div>\n\t\t","protected":false},"excerpt":{"rendered":"<p>El deporte es un poderoso impulsor de la transformaci\u00f3n social. En distintos contextos, la actividad f\u00edsica y el deporte ha demostrado ser un motor para la integraci\u00f3n de personas en riesgo de exclusi\u00f3n social, brind\u00e1ndoles no solo bienestar f\u00edsico, sino tambi\u00e9n valores esenciales como la disciplina, el trabajo en equipo y la superaci\u00f3n personal. La&#8230;<\/p>\n","protected":false},"author":5,"featured_media":1013661,"comment_status":"closed","ping_status":"closed","sticky":false,"template":"","format":"standard","meta":{"om_disable_all_campaigns":false,"footnotes":""},"categories":[1],"tags":[],"class_list":["post-1013677","post","type-post","status-publish","format-standard","has-post-thumbnail","hentry","category-sin-categorizar"],"aioseo_notices":[],"_links":{"self":[{"href":"https:\/\/www.escuelavitae.com\/es\/wp-json\/wp\/v2\/posts\/1013677","targetHints":{"allow":["GET"]}}],"collection":[{"href":"https:\/\/www.escuelavitae.com\/es\/wp-json\/wp\/v2\/posts"}],"about":[{"href":"https:\/\/www.escuelavitae.com\/es\/wp-json\/wp\/v2\/types\/post"}],"author":[{"embeddable":true,"href":"https:\/\/www.escuelavitae.com\/es\/wp-json\/wp\/v2\/users\/5"}],"replies":[{"embeddable":true,"href":"https:\/\/www.escuelavitae.com\/es\/wp-json\/wp\/v2\/comments?post=1013677"}],"version-history":[{"count":1,"href":"https:\/\/www.escuelavitae.com\/es\/wp-json\/wp\/v2\/posts\/1013677\/revisions"}],"predecessor-version":[{"id":1013678,"href":"https:\/\/www.escuelavitae.com\/es\/wp-json\/wp\/v2\/posts\/1013677\/revisions\/1013678"}],"wp:featuredmedia":[{"embeddable":true,"href":"https:\/\/www.escuelavitae.com\/es\/wp-json\/wp\/v2\/media\/1013661"}],"wp:attachment":[{"href":"https:\/\/www.escuelavitae.com\/es\/wp-json\/wp\/v2\/media?parent=1013677"}],"wp:term":[{"taxonomy":"category","embeddable":true,"href":"https:\/\/www.escuelavitae.com\/es\/wp-json\/wp\/v2\/categories?post=1013677"},{"taxonomy":"post_tag","embeddable":true,"href":"https:\/\/www.escuelavitae.com\/es\/wp-json\/wp\/v2\/tags?post=1013677"}],"curies":[{"name":"wp","href":"https:\/\/api.w.org\/{rel}","templated":true}]}}