{"id":1013379,"date":"2025-02-18T12:16:42","date_gmt":"2025-02-18T11:16:42","guid":{"rendered":"https:\/\/www.escuelavitae.com\/?p=1013379"},"modified":"2025-02-18T16:15:30","modified_gmt":"2025-02-18T15:15:30","slug":"fp-sanitaria-profesionales-que-cuidan-formacion-que-transforma","status":"publish","type":"post","link":"https:\/\/www.escuelavitae.com\/es\/fp-sanitaria-profesionales-que-cuidan-formacion-que-transforma\/","title":{"rendered":"FP Sanitaria: profesionales que cuidan, formaci\u00f3n que transforma vidas"},"content":{"rendered":"\t\t<div data-elementor-type=\"wp-post\" data-elementor-id=\"1013379\" class=\"elementor elementor-1013379\" data-elementor-post-type=\"post\">\n\t\t\t\t<div class=\"elementor-element elementor-element-12765f47 e-flex e-con-boxed e-con e-parent\" data-id=\"12765f47\" data-element_type=\"container\" data-e-type=\"container\">\n\t\t\t\t\t<div class=\"e-con-inner\">\n\t\t\t\t<div class=\"elementor-element elementor-element-58a6e06 elementor-widget elementor-widget-text-editor\" data-id=\"58a6e06\" data-element_type=\"widget\" data-e-type=\"widget\" data-widget_type=\"text-editor.default\">\n\t\t\t\t<div class=\"elementor-widget-container\">\n\t\t\t\t\t\t\t\t\t<h2>Formar en salud, cuidar el futuro.<\/h2>\t\t\t\t\t\t\t\t<\/div>\n\t\t\t\t<\/div>\n\t\t\t\t\t<\/div>\n\t\t\t\t<\/div>\n\t\t<div class=\"elementor-element elementor-element-12eb9bf e-flex e-con-boxed e-con e-parent\" data-id=\"12eb9bf\" data-element_type=\"container\" data-e-type=\"container\">\n\t\t\t\t\t<div class=\"e-con-inner\">\n\t\t\t\t<div class=\"elementor-element elementor-element-04de349 elementor-widget elementor-widget-text-editor\" data-id=\"04de349\" data-element_type=\"widget\" data-e-type=\"widget\" data-widget_type=\"text-editor.default\">\n\t\t\t\t<div class=\"elementor-widget-container\">\n\t\t\t\t\t\t\t\t\t<p><span style=\"font-weight: 400;\">La formaci\u00f3n de profesionales en el sector sanitario es m\u00e1s que una necesidad; es un compromiso con el bienestar de la sociedad.\u00a0<\/span><\/p><p><span style=\"font-weight: 400;\">Cada d\u00eda, miles de personas dependen de la atenci\u00f3n y el conocimiento de expertos en sanidad, y la demanda de t\u00e9cnicos cualificados sigue en aumento. En un mundo donde la salud es prioridad, <\/span><b>contar con una formaci\u00f3n especializada<\/b><span style=\"font-weight: 400;\"> no solo abre puertas laborales, sino que <\/span><b>permite marcar una verdadera diferencia en la vida de los dem\u00e1s.<\/b><\/p><p><span style=\"font-weight: 400;\">Los ciclos formativos de grado medio y superior sanitarios ofrecen una oportunidad \u00fanica para desarrollar una vocaci\u00f3n en el cuidado de las personas. Desde la asistencia en emergencias sanitarias hasta el apoyo en centros escolares dise\u00f1ando dietas que mejoran h\u00e1bitos, la diversidad y especializaci\u00f3n de los profesionales de la salud es fundamental en la estructura del sistema sanitario.<\/span><\/p>\t\t\t\t\t\t\t\t<\/div>\n\t\t\t\t<\/div>\n\t\t\t\t\t<\/div>\n\t\t\t\t<\/div>\n\t\t<div class=\"elementor-element elementor-element-96d42e1 e-flex e-con-boxed e-con e-parent\" data-id=\"96d42e1\" data-element_type=\"container\" data-e-type=\"container\">\n\t\t\t\t\t<div class=\"e-con-inner\">\n\t\t\t\t<div class=\"elementor-element elementor-element-bc508e6 elementor-widget elementor-widget-text-editor\" data-id=\"bc508e6\" data-element_type=\"widget\" data-e-type=\"widget\" data-widget_type=\"text-editor.default\">\n\t\t\t\t<div class=\"elementor-widget-container\">\n\t\t\t\t\t\t\t\t\t<blockquote><h2>M\u00e1s all\u00e1 de la empleabilidad, una carrera en sanidad es sin\u00f3nimo de impacto y prop\u00f3sito.<\/h2><\/blockquote>\t\t\t\t\t\t\t\t<\/div>\n\t\t\t\t<\/div>\n\t\t\t\t\t<\/div>\n\t\t\t\t<\/div>\n\t\t<div class=\"elementor-element elementor-element-308c947 e-flex e-con-boxed e-con e-parent\" data-id=\"308c947\" data-element_type=\"container\" data-e-type=\"container\">\n\t\t\t\t\t<div class=\"e-con-inner\">\n\t\t\t\t<div class=\"elementor-element elementor-element-f8afa6a elementor-widget elementor-widget-text-editor\" data-id=\"f8afa6a\" data-element_type=\"widget\" data-e-type=\"widget\" data-widget_type=\"text-editor.default\">\n\t\t\t\t<div class=\"elementor-widget-container\">\n\t\t\t\t\t\t\t\t\t<p><span style=\"font-weight: 400;\">La FP Sanitaria es esencial para garantizar el bienestar de la sociedad. Es la oportunidad de convertir la empat\u00eda y el deseo de ayudar en una profesi\u00f3n estable y de futuro.\u00a0<\/span><\/p><p><span style=\"font-weight: 400;\">En Escuela Vitae, ofrecemos ciclos formativos de grado medio y superior dise\u00f1ados para que cada estudiante se forme con excelencia y est\u00e9 preparado para los desaf\u00edos del sector de la salud, con la seguridad de que su labor ser\u00e1 clave en la vida de muchas personas.<\/span><\/p><ul><li><span style=\"font-weight: 400;\"><strong>Escoger un Grado Medio en Sanidad<\/strong> es un punto de partida para iniciar tu carrera profesional en el \u00e1mbito sanitario.\u00a0<\/span><span style=\"font-weight: 400;\">Con el t\u00edtulo de t\u00e9cnico\/a podr\u00e1s incorporarte al mercado laboral con \u00e9xito o seguir especializ\u00e1ndote a trav\u00e9s de estudios superiores.\u00a0<\/span><\/li><\/ul><p><span style=\"font-weight: 400;\">\u00bfBuscas una formaci\u00f3n m\u00e1s avanzada?<\/span><\/p><ul><li><span style=\"font-weight: 400;\"><strong>Los Ciclos Formativos de Grado Superior Sanitarios<\/strong> est\u00e1n dise\u00f1ados para proporcionarte conocimientos especializados y habilidades t\u00e9cnicas de alto nivel. Adem\u00e1s, esta formaci\u00f3n sirve como trampol\u00edn para acceder a la universidad o formaci\u00f3n continuada.<\/span><\/li><\/ul><p><span style=\"font-weight: 400;\">En ambos casos, <strong>una titulaci\u00f3n oficial te permite acceder a un amplio abanico de oportunidades laborales<\/strong> en hospitales, centros de salud, laboratorios, cl\u00ednicas privadas, residencias geri\u00e1tricas e incluso en el \u00e1mbito de la salud p\u00fablica y la investigaci\u00f3n.<\/span><\/p>\t\t\t\t\t\t\t\t<\/div>\n\t\t\t\t<\/div>\n\t\t\t\t\t<\/div>\n\t\t\t\t<\/div>\n\t\t<div class=\"elementor-element elementor-element-7b620e8 e-flex e-con-boxed e-con e-parent\" data-id=\"7b620e8\" data-element_type=\"container\" data-e-type=\"container\">\n\t\t\t\t\t<div class=\"e-con-inner\">\n\t\t\t\t<div class=\"elementor-element elementor-element-b75245e elementor-widget elementor-widget-text-editor\" data-id=\"b75245e\" data-element_type=\"widget\" data-e-type=\"widget\" data-widget_type=\"text-editor.default\">\n\t\t\t\t<div class=\"elementor-widget-container\">\n\t\t\t\t\t\t\t\t\t<h3>Oferta acad\u00e9mica para iniciarte en el \u00e1mbito sanitario a trav\u00e9s de la FP<\/h3>\t\t\t\t\t\t\t\t<\/div>\n\t\t\t\t<\/div>\n\t\t\t\t\t<\/div>\n\t\t\t\t<\/div>\n\t\t<div class=\"elementor-element elementor-element-a94c7a8 e-flex e-con-boxed e-con e-parent\" data-id=\"a94c7a8\" data-element_type=\"container\" data-e-type=\"container\">\n\t\t\t\t\t<div class=\"e-con-inner\">\n\t\t<div class=\"elementor-element elementor-element-0cbdac8 e-con-full e-flex e-con e-child\" data-id=\"0cbdac8\" data-element_type=\"container\" data-e-type=\"container\">\n\t\t\t\t<div class=\"elementor-element elementor-element-9aa20fb elementor-widget elementor-widget-image\" data-id=\"9aa20fb\" data-element_type=\"widget\" data-e-type=\"widget\" data-widget_type=\"image.default\">\n\t\t\t\t<div class=\"elementor-widget-container\">\n\t\t\t\t\t\t\t\t\t<div class=\"elementor-image\">\n\t\t\t\t\t\t\t\t\t\t\t\t\t\t\t\t\t\t\t\t\t<img fetchpriority=\"high\" decoding=\"async\" width=\"683\" height=\"1024\" src=\"https:\/\/www.escuelavitae.com\/wp-content\/uploads\/2025\/02\/fp-salud-683x1024.jpg\" class=\"attachment-large size-large wp-image-1013384\" alt=\"Dos alumnas practicando t\u00e9cnicas de laboratorio\" srcset=\"https:\/\/www.escuelavitae.com\/wp-content\/uploads\/2025\/02\/fp-salud-683x1024.jpg 683w, https:\/\/www.escuelavitae.com\/wp-content\/uploads\/2025\/02\/fp-salud-200x300.jpg 200w, https:\/\/www.escuelavitae.com\/wp-content\/uploads\/2025\/02\/fp-salud-768x1152.jpg 768w\" sizes=\"(max-width: 683px) 100vw, 683px\" \/>\t\t\t\t\t\t\t\t\t\t\t\t\t\t\t\t\t\t\t\t\t\t\t\t<\/div>\n\t\t\t\t\t\t\t\t<\/div>\n\t\t\t\t<\/div>\n\t\t\t\t<\/div>\n\t\t<div class=\"elementor-element elementor-element-34def32 e-con-full e-flex e-con e-child\" data-id=\"34def32\" data-element_type=\"container\" data-e-type=\"container\">\n\t\t<div class=\"elementor-element elementor-element-a660559 e-con-full e-flex e-con e-child\" data-id=\"a660559\" data-element_type=\"container\" data-e-type=\"container\">\n\t\t\t\t<div class=\"elementor-element elementor-element-4e25d43 elementor-widget__width-initial elementor-widget elementor-widget-text-editor\" data-id=\"4e25d43\" data-element_type=\"widget\" data-e-type=\"widget\" data-widget_type=\"text-editor.default\">\n\t\t\t\t<div class=\"elementor-widget-container\">\n\t\t\t\t\t\t\t\t\t<p><span style=\"font-weight: 400;\">Con 14 a\u00f1os a las espaldas y m\u00e1s de 5.000 estudiantes titulados, te proponemos un m\u00e9todo educativo que te har\u00e1 sumergirte en experiencias pr\u00e1cticas desde el primer d\u00eda, asumiendo el rol de t\u00e9cnicos y enfrentando desaf\u00edos reales que te preparan para el entorno laboral.<\/span><\/p><p><span style=\"font-weight: 400;\"><span style=\"color: var(--vamtam-widget-text-lighter); letter-spacing: var(--vamtam-primary-font-letter-spacing-desktop,normal); text-transform: var(--vamtam-primary-font-transform,none);\">F\u00f3rmate en Formaci\u00f3n Profesional de:<\/span><\/span><\/p><p><strong>Grado Medio<\/strong><\/p><ul><li><span style=\"font-weight: 400;\"><span style=\"color: #00cf58;\"><a style=\"color: #00cf58;\" href=\"https:\/\/www.escuelavitae.com\/es\/cursos\/cfgm-emergencias-sanitarias\/\">Emergencias Sanitarias<\/a><\/span><\/span><\/li><li><span style=\"font-weight: 400;\"><span style=\"color: #00cf58;\"><a style=\"color: #00cf58;\" href=\"https:\/\/www.escuelavitae.com\/es\/cursos\/cfgm-farmacia-y-parafarmacia\/\">Farmacia y Parafarmacia<\/a><\/span><\/span><\/li><li><span style=\"font-weight: 400;\"><span style=\"color: #00cf58;\"><a style=\"color: #00cf58;\" href=\"https:\/\/www.escuelavitae.com\/es\/cursos\/cfgm-cuidados-auxiliares-de-enfermeria\/\">Cuidados Auxiliares de Enfermer\u00eda<\/a><\/span><\/span><\/li><\/ul><p><strong style=\"color: var(--vamtam-widget-text-lighter); letter-spacing: var(--vamtam-primary-font-letter-spacing-desktop,normal); text-transform: var(--vamtam-primary-font-transform,none);\">Grado Superior<\/strong><\/p><ul><li><span style=\"font-weight: 400;\"><span style=\"color: #00cf58;\"><a style=\"color: #00cf58;\" href=\"https:\/\/www.escuelavitae.com\/es\/cursos\/cfgs-dietetica\/\">Diet\u00e9tica<\/a><\/span><\/span><\/li><li><span style=\"font-weight: 400;\"><span style=\"color: #00cf58;\"><a style=\"color: #00cf58;\" href=\"https:\/\/www.escuelavitae.com\/es\/cursos\/cfgs-documentacion-y-administracion-sanitarias\/\">Documentaci\u00f3n y Administraci\u00f3n Sanitarias<\/a><\/span><\/span><\/li><\/ul>\t\t\t\t\t\t\t\t<\/div>\n\t\t\t\t<\/div>\n\t\t\t\t<\/div>\n\t\t\t\t<\/div>\n\t\t\t\t\t<\/div>\n\t\t\t\t<\/div>\n\t\t<div class=\"elementor-element elementor-element-d0a2873 e-flex e-con-boxed e-con e-parent\" data-id=\"d0a2873\" data-element_type=\"container\" data-e-type=\"container\">\n\t\t\t\t\t<div class=\"e-con-inner\">\n\t\t\t\t<div class=\"elementor-element elementor-element-dfe58a0 elementor-widget elementor-widget-text-editor\" data-id=\"dfe58a0\" data-element_type=\"widget\" data-e-type=\"widget\" data-widget_type=\"text-editor.default\">\n\t\t\t\t<div class=\"elementor-widget-container\">\n\t\t\t\t\t\t\t\t\t<h3>Contribuir en la mejora de la calidad de vida de la sociedad<\/h3>\t\t\t\t\t\t\t\t<\/div>\n\t\t\t\t<\/div>\n\t\t\t\t\t<\/div>\n\t\t\t\t<\/div>\n\t\t<div class=\"elementor-element elementor-element-7f6b6cf e-flex e-con-boxed e-con e-parent\" data-id=\"7f6b6cf\" data-element_type=\"container\" data-e-type=\"container\">\n\t\t\t\t\t<div class=\"e-con-inner\">\n\t\t\t\t<div class=\"elementor-element elementor-element-8b30d02 elementor-widget elementor-widget-text-editor\" data-id=\"8b30d02\" data-element_type=\"widget\" data-e-type=\"widget\" data-widget_type=\"text-editor.default\">\n\t\t\t\t<div class=\"elementor-widget-container\">\n\t\t\t\t\t\t\t\t\t<p><span style=\"font-weight: 400;\">Esta es nuestra misi\u00f3n. Y la perseguimos formando profesionales cualificados que contribuyan al bienestar de las personas y al progreso del sector sanitario.<\/span><\/p><p><span style=\"font-weight: 400;\">En Escuela Vitae, entendemos que la calidad de la formaci\u00f3n no solo depende del contenido acad\u00e9mico, sino tambi\u00e9n de qui\u00e9n lo imparte. <\/span><\/p>\t\t\t\t\t\t\t\t<\/div>\n\t\t\t\t<\/div>\n\t\t\t\t\t<\/div>\n\t\t\t\t<\/div>\n\t\t<div class=\"elementor-element elementor-element-5e49d4c e-flex e-con-boxed e-con e-parent\" data-id=\"5e49d4c\" data-element_type=\"container\" data-e-type=\"container\">\n\t\t\t\t\t<div class=\"e-con-inner\">\n\t\t\t\t<div class=\"elementor-element elementor-element-287c1ec elementor-widget elementor-widget-text-editor\" data-id=\"287c1ec\" data-element_type=\"widget\" data-e-type=\"widget\" data-widget_type=\"text-editor.default\">\n\t\t\t\t<div class=\"elementor-widget-container\">\n\t\t\t\t\t\t\t\t\t<blockquote><h2>La mejor ense\u00f1anza proviene de la experiencia real. Contamos con un equipo docente formado por profesionales en activo.<\/h2><\/blockquote>\t\t\t\t\t\t\t\t<\/div>\n\t\t\t\t<\/div>\n\t\t\t\t\t<\/div>\n\t\t\t\t<\/div>\n\t\t<div class=\"elementor-element elementor-element-7e9bcc9 e-flex e-con-boxed e-con e-parent\" data-id=\"7e9bcc9\" data-element_type=\"container\" data-e-type=\"container\">\n\t\t\t\t\t<div class=\"e-con-inner\">\n\t\t\t\t<div class=\"elementor-element elementor-element-43ce695 elementor-widget elementor-widget-text-editor\" data-id=\"43ce695\" data-element_type=\"widget\" data-e-type=\"widget\" data-widget_type=\"text-editor.default\">\n\t\t\t\t<div class=\"elementor-widget-container\">\n\t\t\t\t\t\t\t\t\t<p><span style=\"font-weight: 400;\">No son solo profesores, sino expertos que trabajan cada d\u00eda en hospitales, cl\u00ednicas y centros sanitarios, enfrentando los retos y avances del sector en primera l\u00ednea.<\/span><\/p><p><span style=\"font-weight: 400;\">Esta conexi\u00f3n directa con el mundo laboral permite que nuestros estudiantes reciban una formaci\u00f3n actualizada, alineada con las demandas del mercado y la innovaci\u00f3n tecnol\u00f3gica y metodol\u00f3gica.<\/span><\/p><p><span style=\"font-weight: 400;\"><strong>Su experiencia y vocaci\u00f3n no solo inspiran, sino que preparan a nuestros alumnos para afrontar con confianza los desaf\u00edos de su futuro profesional,<\/strong> porque, aprender de quienes aplican sus conocimientos en situaciones reales significa adquirir no solo conocimientos, sino tambi\u00e9n habilidades pr\u00e1cticas y una mentalidad resolutiva que exige la profesi\u00f3n.<\/span><\/p>\t\t\t\t\t\t\t\t<\/div>\n\t\t\t\t<\/div>\n\t\t\t\t\t<\/div>\n\t\t\t\t<\/div>\n\t\t<div class=\"elementor-element elementor-element-73609b3 e-flex e-con-boxed e-con e-parent\" data-id=\"73609b3\" data-element_type=\"container\" data-e-type=\"container\">\n\t\t\t\t\t<div class=\"e-con-inner\">\n\t\t\t\t<div class=\"elementor-element elementor-element-268f1e1 elementor-widget elementor-widget-text-editor\" data-id=\"268f1e1\" data-element_type=\"widget\" data-e-type=\"widget\" data-widget_type=\"text-editor.default\">\n\t\t\t\t<div class=\"elementor-widget-container\">\n\t\t\t\t\t\t\t\t\t<h2>\u00bfD\u00f3nde ofrecemos FP Sanitaria en Barcelona?<\/h2>\t\t\t\t\t\t\t\t<\/div>\n\t\t\t\t<\/div>\n\t\t\t\t\t<\/div>\n\t\t\t\t<\/div>\n\t\t<div class=\"elementor-element elementor-element-8d8001e e-flex e-con-boxed e-con e-parent\" data-id=\"8d8001e\" data-element_type=\"container\" data-e-type=\"container\">\n\t\t\t\t\t<div class=\"e-con-inner\">\n\t\t\t\t<div class=\"elementor-element elementor-element-dfe63e5 elementor-widget elementor-widget-text-editor\" data-id=\"dfe63e5\" data-element_type=\"widget\" data-e-type=\"widget\" data-widget_type=\"text-editor.default\">\n\t\t\t\t<div class=\"elementor-widget-container\">\n\t\t\t\t\t\t\t\t\t<ul><li><span style=\"font-weight: 400;\"><span style=\"color: #00cf58;\"><a style=\"color: #00cf58;\" href=\"https:\/\/www.escuelavitae.com\/es\/centro\/balmes\/\">En nuestro nuevo centro Vitae Balmes. <\/a><\/span>Un entorno educativo de excelencia en Barcelona, especializado en Deporte, Salud y Servicios Culturales, con unas instalaciones de vanguardia.\u00a0<\/span><\/li><li><span style=\"font-weight: 400;\"><span style=\"font-weight: 400;\"><span style=\"color: #00cf58;\"><a style=\"color: #00cf58;\" href=\"https:\/\/www.escuelavitae.com\/es\/centro\/balmes\/\">\u00bfTe encaja mejor estudiar online?<\/a> <\/span><\/span><\/span>F\u00f3rmate <span style=\"color: var(--vamtam-widget-text-lighter); letter-spacing: var(--vamtam-primary-font-letter-spacing-desktop,normal); text-transform: var(--vamtam-primary-font-transform,none);\">sin tener que renunciar al trabajo u otras responsabilidades que no te permiten asistir de forma presencial a las clases.\u00a0<\/span><\/li><\/ul>\t\t\t\t\t\t\t\t<\/div>\n\t\t\t\t<\/div>\n\t\t\t\t\t<\/div>\n\t\t\t\t<\/div>\n\t\t\t\t<\/div>\n\t\t","protected":false},"excerpt":{"rendered":"<p>Formar en salud, cuidar el futuro. La formaci\u00f3n de profesionales en el sector sanitario es m\u00e1s que una necesidad; es un compromiso con el bienestar de la sociedad.\u00a0 Cada d\u00eda, miles de personas dependen de la atenci\u00f3n y el conocimiento de expertos en sanidad, y la demanda de t\u00e9cnicos cualificados sigue en aumento. En un&#8230;<\/p>\n","protected":false},"author":5,"featured_media":1013388,"comment_status":"closed","ping_status":"closed","sticky":false,"template":"","format":"standard","meta":{"om_disable_all_campaigns":false,"footnotes":""},"categories":[1],"tags":[],"class_list":["post-1013379","post","type-post","status-publish","format-standard","has-post-thumbnail","hentry","category-sin-categorizar"],"aioseo_notices":[],"_links":{"self":[{"href":"https:\/\/www.escuelavitae.com\/es\/wp-json\/wp\/v2\/posts\/1013379","targetHints":{"allow":["GET"]}}],"collection":[{"href":"https:\/\/www.escuelavitae.com\/es\/wp-json\/wp\/v2\/posts"}],"about":[{"href":"https:\/\/www.escuelavitae.com\/es\/wp-json\/wp\/v2\/types\/post"}],"author":[{"embeddable":true,"href":"https:\/\/www.escuelavitae.com\/es\/wp-json\/wp\/v2\/users\/5"}],"replies":[{"embeddable":true,"href":"https:\/\/www.escuelavitae.com\/es\/wp-json\/wp\/v2\/comments?post=1013379"}],"version-history":[{"count":37,"href":"https:\/\/www.escuelavitae.com\/es\/wp-json\/wp\/v2\/posts\/1013379\/revisions"}],"predecessor-version":[{"id":1013443,"href":"https:\/\/www.escuelavitae.com\/es\/wp-json\/wp\/v2\/posts\/1013379\/revisions\/1013443"}],"wp:featuredmedia":[{"embeddable":true,"href":"https:\/\/www.escuelavitae.com\/es\/wp-json\/wp\/v2\/media\/1013388"}],"wp:attachment":[{"href":"https:\/\/www.escuelavitae.com\/es\/wp-json\/wp\/v2\/media?parent=1013379"}],"wp:term":[{"taxonomy":"category","embeddable":true,"href":"https:\/\/www.escuelavitae.com\/es\/wp-json\/wp\/v2\/categories?post=1013379"},{"taxonomy":"post_tag","embeddable":true,"href":"https:\/\/www.escuelavitae.com\/es\/wp-json\/wp\/v2\/tags?post=1013379"}],"curies":[{"name":"wp","href":"https:\/\/api.w.org\/{rel}","templated":true}]}}