{"id":1009583,"date":"2024-09-26T11:12:12","date_gmt":"2024-09-26T09:12:12","guid":{"rendered":"https:\/\/www.escuelavitae.com\/?p=1009583"},"modified":"2024-09-26T12:47:46","modified_gmt":"2024-09-26T10:47:46","slug":"educacion-empresas-match-por-la-innovacion","status":"publish","type":"post","link":"https:\/\/www.escuelavitae.com\/es\/educacion-empresas-match-por-la-innovacion\/","title":{"rendered":"La cualificaci\u00f3n y la innovaci\u00f3n deportiva necesitan alianzas entre educaci\u00f3n y empresas"},"content":{"rendered":"\t\t<div data-elementor-type=\"wp-post\" data-elementor-id=\"1009583\" class=\"elementor elementor-1009583\" data-elementor-post-type=\"post\">\n\t\t\t\t<div class=\"elementor-element elementor-element-12765f47 e-flex e-con-boxed e-con e-parent\" data-id=\"12765f47\" data-element_type=\"container\" data-e-type=\"container\">\n\t\t\t\t\t<div class=\"e-con-inner\">\n\t\t\t\t<div class=\"elementor-element elementor-element-58a6e06 elementor-widget elementor-widget-text-editor\" data-id=\"58a6e06\" data-element_type=\"widget\" data-e-type=\"widget\" data-widget_type=\"text-editor.default\">\n\t\t\t\t<div class=\"elementor-widget-container\">\n\t\t\t\t\t\t\t\t\t<h2>Educaci\u00f3n y empresas: un \u00abmatch\u00bb por la innovaci\u00f3n en el deporte del futuro.<\/h2>\t\t\t\t\t\t\t\t<\/div>\n\t\t\t\t<\/div>\n\t\t\t\t\t<\/div>\n\t\t\t\t<\/div>\n\t\t<div class=\"elementor-element elementor-element-12eb9bf e-flex e-con-boxed e-con e-parent\" data-id=\"12eb9bf\" data-element_type=\"container\" data-e-type=\"container\">\n\t\t\t\t\t<div class=\"e-con-inner\">\n\t\t\t\t<div class=\"elementor-element elementor-element-04de349 elementor-widget elementor-widget-text-editor\" data-id=\"04de349\" data-element_type=\"widget\" data-e-type=\"widget\" data-widget_type=\"text-editor.default\">\n\t\t\t\t<div class=\"elementor-widget-container\">\n\t\t\t\t\t\t\t\t\t<p><span style=\"font-weight: 400;\">Este es el titular de la entrevista de Esther Mur, Directora de Vitae Escuela Universitaria del Deporte, para la revista <span style=\"color: #000000;\"><a style=\"color: #000000;\" href=\"https:\/\/www.2playbook.com\/mas-deporte\/educacion-empresas-match-por-innovacion-en-deporte-futuro_16170_102.html\">2Playbook<\/a><\/span>.<\/span><\/p><p><span style=\"font-weight: 400;\">Los avances tecnol\u00f3gicos, la globalizaci\u00f3n y los cambios demogr\u00e1ficos est\u00e1n configurando un nuevo panorama en el sector deportivo. A medio plazo, se espera una transformaci\u00f3n profunda que no solo impactar\u00e1 en la forma en que se practica el deporte, sino tambi\u00e9n en c\u00f3mo se consume, gestiona y promueve.<\/span><\/p><p><span style=\"font-weight: 400;\">En este contexto de cambio constante, cada vez son m\u00e1s las voces que apuntan hacia la necesidad de crear <strong>alianzas estrat\u00e9gicas entre el sector acad\u00e9mico y el empresarial como motor clave para impulsar la innovaci\u00f3n, la cualificaci\u00f3n profesional<\/strong> y asegurar un futuro sostenible para la industria deportiva.<\/span><\/p>\t\t\t\t\t\t\t\t<\/div>\n\t\t\t\t<\/div>\n\t\t\t\t\t<\/div>\n\t\t\t\t<\/div>\n\t\t<div class=\"elementor-element elementor-element-96d42e1 e-flex e-con-boxed e-con e-parent\" data-id=\"96d42e1\" data-element_type=\"container\" data-e-type=\"container\">\n\t\t\t\t\t<div class=\"e-con-inner\">\n\t\t\t\t<div class=\"elementor-element elementor-element-bc508e6 elementor-widget elementor-widget-text-editor\" data-id=\"bc508e6\" data-element_type=\"widget\" data-e-type=\"widget\" data-widget_type=\"text-editor.default\">\n\t\t\t\t<div class=\"elementor-widget-container\">\n\t\t\t\t\t\t\t\t\t<blockquote><h2>\u201cAbordamos este reto creando alianzas estrat\u00e9gicas con empresas del sector, dise\u00f1ando conjuntamente los programas formativos\u00bb.\u00a0<\/h2><\/blockquote>\t\t\t\t\t\t\t\t<\/div>\n\t\t\t\t<\/div>\n\t\t\t\t\t<\/div>\n\t\t\t\t<\/div>\n\t\t<div class=\"elementor-element elementor-element-308c947 e-flex e-con-boxed e-con e-parent\" data-id=\"308c947\" data-element_type=\"container\" data-e-type=\"container\">\n\t\t\t\t\t<div class=\"e-con-inner\">\n\t\t\t\t<div class=\"elementor-element elementor-element-f8afa6a elementor-widget elementor-widget-text-editor\" data-id=\"f8afa6a\" data-element_type=\"widget\" data-e-type=\"widget\" data-widget_type=\"text-editor.default\">\n\t\t\t\t<div class=\"elementor-widget-container\">\n\t\t\t\t\t\t\t\t\t<p><span style=\"font-weight: 400;\">Aunque mes a mes se alcanzan r\u00e9cords de ocupaci\u00f3n, la mayor\u00eda de las organizaciones reportan dificultades para encontrar los perfiles necesarios que les permitan adaptarse a las nuevas tendencias.<\/span><\/p><p><span style=\"font-weight: 400;\">La velocidad con la que estas impactan la industria obliga a los profesionales a reinventarse constantemente para no quedarse obsoletos y responder con agilidad, esencial para ofrecer la experiencia deseada a un cliente cuyo comportamiento ha cambiado notablemente con el tiempo.<\/span><\/p>\t\t\t\t\t\t\t\t<\/div>\n\t\t\t\t<\/div>\n\t\t\t\t\t<\/div>\n\t\t\t\t<\/div>\n\t\t<div class=\"elementor-element elementor-element-d25bb03 e-flex e-con-boxed e-con e-parent\" data-id=\"d25bb03\" data-element_type=\"container\" data-e-type=\"container\">\n\t\t\t\t\t<div class=\"e-con-inner\">\n\t\t\t\t<div class=\"elementor-element elementor-element-a41692c elementor-widget elementor-widget-text-editor\" data-id=\"a41692c\" data-element_type=\"widget\" data-e-type=\"widget\" data-widget_type=\"text-editor.default\">\n\t\t\t\t<div class=\"elementor-widget-container\">\n\t\t\t\t\t\t\t\t\t<blockquote><h2>\u201cAnalizar de forma colaborativa las necesidades de la industria garantiza que nuestros programas acad\u00e9micos sean productivos tanto para las empresas como para los estudiantes\u00bb.\u00a0<\/h2><\/blockquote>\t\t\t\t\t\t\t\t<\/div>\n\t\t\t\t<\/div>\n\t\t\t\t\t<\/div>\n\t\t\t\t<\/div>\n\t\t<div class=\"elementor-element elementor-element-7b620e8 e-flex e-con-boxed e-con e-parent\" data-id=\"7b620e8\" data-element_type=\"container\" data-e-type=\"container\">\n\t\t\t\t\t<div class=\"e-con-inner\">\n\t\t\t\t<div class=\"elementor-element elementor-element-b75245e elementor-widget elementor-widget-text-editor\" data-id=\"b75245e\" data-element_type=\"widget\" data-e-type=\"widget\" data-widget_type=\"text-editor.default\">\n\t\t\t\t<div class=\"elementor-widget-container\">\n\t\t\t\t\t\t\t\t\t<h3>La necesidad de fortalecer este v\u00ednculo es algo que la Escuela Vitae Universitaria del Deporte Barcelona busca cubrir<\/h3>\t\t\t\t\t\t\t\t<\/div>\n\t\t\t\t<\/div>\n\t\t\t\t\t<\/div>\n\t\t\t\t<\/div>\n\t\t<div class=\"elementor-element elementor-element-6d305fe e-flex e-con-boxed e-con e-parent\" data-id=\"6d305fe\" data-element_type=\"container\" data-e-type=\"container\">\n\t\t\t\t\t<div class=\"e-con-inner\">\n\t\t\t\t<div class=\"elementor-element elementor-element-e29bc59 elementor-widget elementor-widget-text-editor\" data-id=\"e29bc59\" data-element_type=\"widget\" data-e-type=\"widget\" data-widget_type=\"text-editor.default\">\n\t\t\t\t<div class=\"elementor-widget-container\">\n\t\t\t\t\t\t\t\t\t<div><p><span style=\"font-weight: 400;\">Hist\u00f3ricamente, los planes de estudios no siempre han integrado las competencias tecnol\u00f3gicas y personales que hoy en d\u00eda son fundamentales. Esta desconexi\u00f3n entre lo que se ense\u00f1a en las aulas y lo que demandan las empresas ha dejado muchas vacantes disponibles o no suficientemente bien cubiertas.<\/span><\/p><\/div><p><img fetchpriority=\"high\" decoding=\"async\" class=\"wp-image-1009585 alignleft\" src=\"https:\/\/www.escuelavitae.com\/wp-content\/uploads\/2024\/09\/entrenament-personal-200x300.jpg\" alt=\"\" width=\"214\" height=\"322\" \/><\/p><p><span style=\"font-weight: 400;\">Para resolver esta discrepancia, <strong>es clave una actualizaci\u00f3n constante de los planes de estudio, incorporar habilidades tecnol\u00f3gicas y fomentar la colaboraci\u00f3n entre empresas, universidades y docentes en activo<\/strong> en el sector deportivo.<\/span><\/p><p><span style=\"font-weight: 400;\">Adem\u00e1s, el m\u00e9todo \u00ablearning by doing\u00bb que trabajamos en la Escuela Universitaria combina teor\u00eda y pr\u00e1ctica desde el primer d\u00eda de curso.<\/span><\/p><p><span style=\"font-weight: 400;\">De este modo, garantizamos que los estudiantes adquieran experiencia relevante y aplicada, algo que las empresas valoran enormemente, ya que reciben candidatos capacitados para enfrentar los retos del mercado.<\/span><\/p>\t\t\t\t\t\t\t\t<\/div>\n\t\t\t\t<\/div>\n\t\t\t\t\t<\/div>\n\t\t\t\t<\/div>\n\t\t<div class=\"elementor-element elementor-element-7f6b6cf e-flex e-con-boxed e-con e-parent\" data-id=\"7f6b6cf\" data-element_type=\"container\" data-e-type=\"container\">\n\t\t\t\t\t<div class=\"e-con-inner\">\n\t\t\t\t<div class=\"elementor-element elementor-element-8b30d02 elementor-widget elementor-widget-text-editor\" data-id=\"8b30d02\" data-element_type=\"widget\" data-e-type=\"widget\" data-widget_type=\"text-editor.default\">\n\t\t\t\t<div class=\"elementor-widget-container\">\n\t\t\t\t\t\t\t\t\t<p><span style=\"font-weight: 400;\">El nuevo <\/span><span style=\"font-weight: 400;\"><span style=\"color: #00cf58;\"><a style=\"color: #00cf58;\" href=\"https:\/\/www.escuelavitae.com\/es\/cursos\/grado-en-ciencias-de-la-actividad-fisica-y-el-deporte\/\">Grado en Ciencias de la Actividad F\u00edsica y el Deporte (CAFD), <\/a><\/span><\/span><span style=\"font-weight: 400;\">incorpora una asignatura espec\u00edfica en el cuarto curso, <strong>\u201cPreparaci\u00f3n Profesional para el Sector del Deporte\u201d,<\/strong> para conectar a\u00fan m\u00e1s la formaci\u00f3n con la realidad laboral.<\/span><\/p><p><span style=\"font-weight: 400;\">Gracias a estos proyectos, los estudiantes mantienen un contacto constante con el entorno profesional a trav\u00e9s de iniciativas vinculadas a la sociedad. A su vez, las empresas pueden colaborar en la creaci\u00f3n de programas formativos que se ajusten a sus necesidades y a la demanda del mercado.<\/span><\/p><p><span style=\"font-weight: 400;\">Esta sinergia asegura una transferencia de conocimiento efectiva, que no solo fomenta la innovaci\u00f3n, sino que tambi\u00e9n acelera la integraci\u00f3n de los graduados en el mercado laboral, reduciendo los tiempos de adaptaci\u00f3n y capacitaci\u00f3n dentro de las empresas.<\/span><\/p>\t\t\t\t\t\t\t\t<\/div>\n\t\t\t\t<\/div>\n\t\t\t\t\t<\/div>\n\t\t\t\t<\/div>\n\t\t<div class=\"elementor-element elementor-element-73609b3 e-flex e-con-boxed e-con e-parent\" data-id=\"73609b3\" data-element_type=\"container\" data-e-type=\"container\">\n\t\t\t\t\t<div class=\"e-con-inner\">\n\t\t\t\t<div class=\"elementor-element elementor-element-268f1e1 elementor-widget elementor-widget-text-editor\" data-id=\"268f1e1\" data-element_type=\"widget\" data-e-type=\"widget\" data-widget_type=\"text-editor.default\">\n\t\t\t\t<div class=\"elementor-widget-container\">\n\t\t\t\t\t\t\t\t\t<h2>No un obst\u00e1culo, es una oportunidad<\/h2>\t\t\t\t\t\t\t\t<\/div>\n\t\t\t\t<\/div>\n\t\t\t\t\t<\/div>\n\t\t\t\t<\/div>\n\t\t<div class=\"elementor-element elementor-element-8d8001e e-flex e-con-boxed e-con e-parent\" data-id=\"8d8001e\" data-element_type=\"container\" data-e-type=\"container\">\n\t\t\t\t\t<div class=\"e-con-inner\">\n\t\t\t\t<div class=\"elementor-element elementor-element-dfe63e5 elementor-widget elementor-widget-text-editor\" data-id=\"dfe63e5\" data-element_type=\"widget\" data-e-type=\"widget\" data-widget_type=\"text-editor.default\">\n\t\t\t\t<div class=\"elementor-widget-container\">\n\t\t\t\t\t\t\t\t\t<p><span style=\"font-weight: 400;\">A pesar del reclamo de profesionales competentes en habilidades tecnol\u00f3gicas y, las siempre aclamadas <em>softskills<\/em>, e<\/span>n Europa, el deporte aporta entre un 1,13% y un 1,76% al Valor A\u00f1adido Bruto y genera m\u00e1s de 7 millones de puestos de trabajo directos e indirectos.<\/p><p>Nos encontramos ante una nueva etapa llena de <strong>nuevas profesiones y oportunidades laborales en el sector de la actividad f\u00edsica y el deporte,<\/strong> <span style=\"font-weight: 400;\"><span style=\"color: #00cf58;\"><a style=\"color: #00cf58;\" href=\"https:\/\/www.escuelavitae.com\/es\/profesiones-del-deporte-con-mas-futuro\/\">no te las pierdas y prep\u00e1rate para ellas.<\/a><\/span><\/span><\/p>\t\t\t\t\t\t\t\t<\/div>\n\t\t\t\t<\/div>\n\t\t\t\t\t<\/div>\n\t\t\t\t<\/div>\n\t\t\t\t<\/div>\n\t\t","protected":false},"excerpt":{"rendered":"<p>Educaci\u00f3n y empresas: un \u00abmatch\u00bb por la innovaci\u00f3n en el deporte del futuro. Este es el titular de la entrevista de Esther Mur, Directora de Vitae Escuela Universitaria del Deporte, para la revista 2Playbook. Los avances tecnol\u00f3gicos, la globalizaci\u00f3n y los cambios demogr\u00e1ficos est\u00e1n configurando un nuevo panorama en el sector deportivo. A medio plazo,&#8230;<\/p>\n","protected":false},"author":5,"featured_media":1009591,"comment_status":"closed","ping_status":"closed","sticky":false,"template":"","format":"standard","meta":{"om_disable_all_campaigns":false,"footnotes":""},"categories":[1],"tags":[],"class_list":["post-1009583","post","type-post","status-publish","format-standard","has-post-thumbnail","hentry","category-sin-categorizar"],"aioseo_notices":[],"_links":{"self":[{"href":"https:\/\/www.escuelavitae.com\/es\/wp-json\/wp\/v2\/posts\/1009583","targetHints":{"allow":["GET"]}}],"collection":[{"href":"https:\/\/www.escuelavitae.com\/es\/wp-json\/wp\/v2\/posts"}],"about":[{"href":"https:\/\/www.escuelavitae.com\/es\/wp-json\/wp\/v2\/types\/post"}],"author":[{"embeddable":true,"href":"https:\/\/www.escuelavitae.com\/es\/wp-json\/wp\/v2\/users\/5"}],"replies":[{"embeddable":true,"href":"https:\/\/www.escuelavitae.com\/es\/wp-json\/wp\/v2\/comments?post=1009583"}],"version-history":[{"count":16,"href":"https:\/\/www.escuelavitae.com\/es\/wp-json\/wp\/v2\/posts\/1009583\/revisions"}],"predecessor-version":[{"id":1009616,"href":"https:\/\/www.escuelavitae.com\/es\/wp-json\/wp\/v2\/posts\/1009583\/revisions\/1009616"}],"wp:featuredmedia":[{"embeddable":true,"href":"https:\/\/www.escuelavitae.com\/es\/wp-json\/wp\/v2\/media\/1009591"}],"wp:attachment":[{"href":"https:\/\/www.escuelavitae.com\/es\/wp-json\/wp\/v2\/media?parent=1009583"}],"wp:term":[{"taxonomy":"category","embeddable":true,"href":"https:\/\/www.escuelavitae.com\/es\/wp-json\/wp\/v2\/categories?post=1009583"},{"taxonomy":"post_tag","embeddable":true,"href":"https:\/\/www.escuelavitae.com\/es\/wp-json\/wp\/v2\/tags?post=1009583"}],"curies":[{"name":"wp","href":"https:\/\/api.w.org\/{rel}","templated":true}]}}