{"id":1008466,"date":"2024-05-27T19:08:04","date_gmt":"2024-05-27T17:08:04","guid":{"rendered":"https:\/\/www.escuelavitae.com\/?p=1008466"},"modified":"2024-06-10T10:43:48","modified_gmt":"2024-06-10T08:43:48","slug":"profesiones-del-deporte-con-mas-futuro","status":"publish","type":"post","link":"https:\/\/www.escuelavitae.com\/es\/profesiones-del-deporte-con-mas-futuro\/","title":{"rendered":"Profesiones del deporte con m\u00e1s futuro: Tecnolog\u00eda y Salud lideran el ranking"},"content":{"rendered":"\t\t<div data-elementor-type=\"wp-post\" data-elementor-id=\"1008466\" class=\"elementor elementor-1008466\" data-elementor-post-type=\"post\">\n\t\t\t\t<div class=\"elementor-element elementor-element-12765f47 e-flex e-con-boxed e-con e-parent\" data-id=\"12765f47\" data-element_type=\"container\" data-e-type=\"container\">\n\t\t\t\t\t<div class=\"e-con-inner\">\n\t\t\t\t<div class=\"elementor-element elementor-element-58a6e06 elementor-widget elementor-widget-text-editor\" data-id=\"58a6e06\" data-element_type=\"widget\" data-e-type=\"widget\" data-widget_type=\"text-editor.default\">\n\t\t\t\t<div class=\"elementor-widget-container\">\n\t\t\t\t\t\t\t\t\t<h2>Una nueva etapa llena de oportunidades laborales en el sector de la actividad f\u00edsica y el deporte.<\/h2>\t\t\t\t\t\t\t\t<\/div>\n\t\t\t\t<\/div>\n\t\t\t\t\t<\/div>\n\t\t\t\t<\/div>\n\t\t<div class=\"elementor-element elementor-element-12eb9bf e-flex e-con-boxed e-con e-parent\" data-id=\"12eb9bf\" data-element_type=\"container\" data-e-type=\"container\">\n\t\t\t\t\t<div class=\"e-con-inner\">\n\t\t\t\t<div class=\"elementor-element elementor-element-04de349 elementor-widget elementor-widget-text-editor\" data-id=\"04de349\" data-element_type=\"widget\" data-e-type=\"widget\" data-widget_type=\"text-editor.default\">\n\t\t\t\t<div class=\"elementor-widget-container\">\n\t\t\t\t\t\t\t\t\t<p><span style=\"font-weight: 400;\">El mundo laboral est\u00e1 experimentando importantes transformaciones debido a la globalizaci\u00f3n y a la evoluci\u00f3n tecnol\u00f3gica acelerada. Estos cambios afectan a diversos \u00e1mbitos, y el deporte es uno de los grandes involucrados.<\/span><\/p><p><span style=\"font-weight: 400;\">A medida que <strong>el sector del deporte y la actividad f\u00edsica se consolida como motor del bienestar y el desarrollo econ\u00f3mico de la sociedad a nivel mundial,<\/strong> la creencia de que vivir del deporte implica renunciar a un futuro pr\u00f3spero, pierde fuerza.<\/span><\/p>\t\t\t\t\t\t\t\t<\/div>\n\t\t\t\t<\/div>\n\t\t\t\t\t<\/div>\n\t\t\t\t<\/div>\n\t\t<div class=\"elementor-element elementor-element-96d42e1 e-flex e-con-boxed e-con e-parent\" data-id=\"96d42e1\" data-element_type=\"container\" data-e-type=\"container\">\n\t\t\t\t\t<div class=\"e-con-inner\">\n\t\t\t\t<div class=\"elementor-element elementor-element-bc508e6 elementor-widget elementor-widget-text-editor\" data-id=\"bc508e6\" data-element_type=\"widget\" data-e-type=\"widget\" data-widget_type=\"text-editor.default\">\n\t\t\t\t<div class=\"elementor-widget-container\">\n\t\t\t\t\t\t\t\t\t<blockquote><h2>En Europa, el deporte aporta entre un 1,13% y un 1,76% al Valor A\u00f1adido Bruto, y genera m\u00e1s de 7 millones de puestos de trabajo directos e indirectos.<\/h2><\/blockquote>\t\t\t\t\t\t\t\t<\/div>\n\t\t\t\t<\/div>\n\t\t\t\t\t<\/div>\n\t\t\t\t<\/div>\n\t\t<div class=\"elementor-element elementor-element-308c947 e-flex e-con-boxed e-con e-parent\" data-id=\"308c947\" data-element_type=\"container\" data-e-type=\"container\">\n\t\t\t\t\t<div class=\"e-con-inner\">\n\t\t\t\t<div class=\"elementor-element elementor-element-f8afa6a elementor-widget elementor-widget-text-editor\" data-id=\"f8afa6a\" data-element_type=\"widget\" data-e-type=\"widget\" data-widget_type=\"text-editor.default\">\n\t\t\t\t<div class=\"elementor-widget-container\">\n\t\t\t\t\t\t\t\t\t<p><span style=\"font-weight: 400;\">Cada pa\u00eds presenta sus propias particularidades en este aspecto. A nivel auton\u00f3mico Espa\u00f1ol, los datos de Catalunya son a\u00fan m\u00e1s alentadores, <strong>demostrando que el deporte y la actividad f\u00edsica es un sector en constante crecimiento, tanto en su pr\u00e1ctica como en nuevas profesiones.<\/strong><\/span><\/p>\t\t\t\t\t\t\t\t<\/div>\n\t\t\t\t<\/div>\n\t\t\t\t\t<\/div>\n\t\t\t\t<\/div>\n\t\t<div class=\"elementor-element elementor-element-906eb0f e-flex e-con-boxed e-con e-parent\" data-id=\"906eb0f\" data-element_type=\"container\" data-e-type=\"container\">\n\t\t\t\t\t<div class=\"e-con-inner\">\n\t\t<div class=\"elementor-element elementor-element-a20bbb4 e-con-full e-flex e-con e-child\" data-id=\"a20bbb4\" data-element_type=\"container\" data-e-type=\"container\">\n\t\t<div class=\"elementor-element elementor-element-0253796 e-con-full e-flex e-con e-child\" data-id=\"0253796\" data-element_type=\"container\" data-e-type=\"container\">\n\t\t\t\t<div class=\"elementor-element elementor-element-e142bf3 elementor-widget elementor-widget-text-editor\" data-id=\"e142bf3\" data-element_type=\"widget\" data-e-type=\"widget\" data-widget_type=\"text-editor.default\">\n\t\t\t\t<div class=\"elementor-widget-container\">\n\t\t\t\t\t\t\t\t\t<p>Econom\u00eda 2% PIB<\/p>\t\t\t\t\t\t\t\t<\/div>\n\t\t\t\t<\/div>\n\t\t\t\t<\/div>\n\t\t\t\t<div class=\"elementor-element elementor-element-a5dacd4 elementor-view-default elementor-widget elementor-widget-icon\" data-id=\"a5dacd4\" data-element_type=\"widget\" data-e-type=\"widget\" data-widget_type=\"icon.default\">\n\t\t\t\t<div class=\"elementor-widget-container\">\n\t\t\t\t\t\t\t<div class=\"elementor-icon-wrapper\">\n\t\t\t<div class=\"elementor-icon\">\n\t\t\t<i aria-hidden=\"true\" class=\"fas fa-chart-line\"><\/i>\t\t\t<\/div>\n\t\t<\/div>\n\t\t\t\t\t\t<\/div>\n\t\t\t\t<\/div>\n\t\t<div class=\"elementor-element elementor-element-2788e1d e-con-full e-flex e-con e-child\" data-id=\"2788e1d\" data-element_type=\"container\" data-e-type=\"container\">\n\t\t\t\t<div class=\"elementor-element elementor-element-80d44b3 elementor-widget elementor-widget-text-editor\" data-id=\"80d44b3\" data-element_type=\"widget\" data-e-type=\"widget\" data-widget_type=\"text-editor.default\">\n\t\t\t\t<div class=\"elementor-widget-container\">\n\t\t\t\t\t\t\t\t\t<p>Sector relevante en la econom\u00eda catalana, demostrando una aportaci\u00f3n s\u00f3lida y<br \/>constante, adaptable al cambio.<\/p>\t\t\t\t\t\t\t\t<\/div>\n\t\t\t\t<\/div>\n\t\t\t\t<\/div>\n\t\t\t\t<\/div>\n\t\t<div class=\"elementor-element elementor-element-5d3476d e-con-full e-flex e-con e-child\" data-id=\"5d3476d\" data-element_type=\"container\" data-e-type=\"container\">\n\t\t<div class=\"elementor-element elementor-element-879e0e7 e-con-full e-flex e-con e-child\" data-id=\"879e0e7\" data-element_type=\"container\" data-e-type=\"container\">\n\t\t\t\t<div class=\"elementor-element elementor-element-6c29eac elementor-widget elementor-widget-text-editor\" data-id=\"6c29eac\" data-element_type=\"widget\" data-e-type=\"widget\" data-widget_type=\"text-editor.default\">\n\t\t\t\t<div class=\"elementor-widget-container\">\n\t\t\t\t\t\t\t\t\t<p>Liderazgo N\u00ba1<\/p>\t\t\t\t\t\t\t\t<\/div>\n\t\t\t\t<\/div>\n\t\t\t\t<\/div>\n\t\t\t\t<div class=\"elementor-element elementor-element-b9fcc08 elementor-view-default elementor-widget elementor-widget-icon\" data-id=\"b9fcc08\" data-element_type=\"widget\" data-e-type=\"widget\" data-widget_type=\"icon.default\">\n\t\t\t\t<div class=\"elementor-widget-container\">\n\t\t\t\t\t\t\t<div class=\"elementor-icon-wrapper\">\n\t\t\t<div class=\"elementor-icon\">\n\t\t\t<i aria-hidden=\"true\" class=\"fas fa-medal\"><\/i>\t\t\t<\/div>\n\t\t<\/div>\n\t\t\t\t\t\t<\/div>\n\t\t\t\t<\/div>\n\t\t<div class=\"elementor-element elementor-element-d279ecc e-con-full e-flex e-con e-child\" data-id=\"d279ecc\" data-element_type=\"container\" data-e-type=\"container\">\n\t\t\t\t<div class=\"elementor-element elementor-element-cea050a elementor-widget elementor-widget-text-editor\" data-id=\"cea050a\" data-element_type=\"widget\" data-e-type=\"widget\" data-widget_type=\"text-editor.default\">\n\t\t\t\t<div class=\"elementor-widget-container\">\n\t\t\t\t\t\t\t\t\t<p>Referente en n\u00famero de empresas y entidades deportivas, de licencias, de clubes y de atletas ol\u00edmpicos.<\/p>\t\t\t\t\t\t\t\t<\/div>\n\t\t\t\t<\/div>\n\t\t\t\t<\/div>\n\t\t\t\t<\/div>\n\t\t<div class=\"elementor-element elementor-element-3a42278 e-con-full e-flex e-con e-child\" data-id=\"3a42278\" data-element_type=\"container\" data-e-type=\"container\">\n\t\t<div class=\"elementor-element elementor-element-c3e1793 e-con-full e-flex e-con e-child\" data-id=\"c3e1793\" data-element_type=\"container\" data-e-type=\"container\">\n\t\t\t\t<div class=\"elementor-element elementor-element-3a47eb4 elementor-widget elementor-widget-text-editor\" data-id=\"3a47eb4\" data-element_type=\"widget\" data-e-type=\"widget\" data-widget_type=\"text-editor.default\">\n\t\t\t\t<div class=\"elementor-widget-container\">\n\t\t\t\t\t\t\t\t\t<p>Empleo 95%<\/p>\t\t\t\t\t\t\t\t<\/div>\n\t\t\t\t<\/div>\n\t\t\t\t<\/div>\n\t\t\t\t<div class=\"elementor-element elementor-element-edb6c05 elementor-view-default elementor-widget elementor-widget-icon\" data-id=\"edb6c05\" data-element_type=\"widget\" data-e-type=\"widget\" data-widget_type=\"icon.default\">\n\t\t\t\t<div class=\"elementor-widget-container\">\n\t\t\t\t\t\t\t<div class=\"elementor-icon-wrapper\">\n\t\t\t<div class=\"elementor-icon\">\n\t\t\t<i aria-hidden=\"true\" class=\"fas fa-handshake\"><\/i>\t\t\t<\/div>\n\t\t<\/div>\n\t\t\t\t\t\t<\/div>\n\t\t\t\t<\/div>\n\t\t<div class=\"elementor-element elementor-element-80c77dd e-con-full e-flex e-con e-child\" data-id=\"80c77dd\" data-element_type=\"container\" data-e-type=\"container\">\n\t\t\t\t<div class=\"elementor-element elementor-element-67207c0 elementor-widget elementor-widget-text-editor\" data-id=\"67207c0\" data-element_type=\"widget\" data-e-type=\"widget\" data-widget_type=\"text-editor.default\">\n\t\t\t\t<div class=\"elementor-widget-container\">\n\t\t\t\t\t\t\t\t\t<p>En la provincia de Barcelona. En Catalunya, el 80,4% de los graduados encuentra trabajo en los primeros 3 meses.<\/p>\t\t\t\t\t\t\t\t<\/div>\n\t\t\t\t<\/div>\n\t\t\t\t<\/div>\n\t\t\t\t<\/div>\n\t\t<div class=\"elementor-element elementor-element-a4962f8 e-con-full e-flex e-con e-child\" data-id=\"a4962f8\" data-element_type=\"container\" data-e-type=\"container\">\n\t\t<div class=\"elementor-element elementor-element-c7ca698 e-con-full e-flex e-con e-child\" data-id=\"c7ca698\" data-element_type=\"container\" data-e-type=\"container\">\n\t\t\t\t<div class=\"elementor-element elementor-element-49b0938 elementor-widget elementor-widget-text-editor\" data-id=\"49b0938\" data-element_type=\"widget\" data-e-type=\"widget\" data-widget_type=\"text-editor.default\">\n\t\t\t\t<div class=\"elementor-widget-container\">\n\t\t\t\t\t\t\t\t\t<p>Satisfacci\u00f3n 81%<\/p>\t\t\t\t\t\t\t\t<\/div>\n\t\t\t\t<\/div>\n\t\t\t\t<\/div>\n\t\t\t\t<div class=\"elementor-element elementor-element-cdb7ec7 elementor-view-default elementor-widget elementor-widget-icon\" data-id=\"cdb7ec7\" data-element_type=\"widget\" data-e-type=\"widget\" data-widget_type=\"icon.default\">\n\t\t\t\t<div class=\"elementor-widget-container\">\n\t\t\t\t\t\t\t<div class=\"elementor-icon-wrapper\">\n\t\t\t<div class=\"elementor-icon\">\n\t\t\t<i aria-hidden=\"true\" class=\"fas fa-heart\"><\/i>\t\t\t<\/div>\n\t\t<\/div>\n\t\t\t\t\t\t<\/div>\n\t\t\t\t<\/div>\n\t\t<div class=\"elementor-element elementor-element-a1bdb5b e-con-full e-flex e-con e-child\" data-id=\"a1bdb5b\" data-element_type=\"container\" data-e-type=\"container\">\n\t\t\t\t<div class=\"elementor-element elementor-element-4a2e8c8 elementor-widget elementor-widget-text-editor\" data-id=\"4a2e8c8\" data-element_type=\"widget\" data-e-type=\"widget\" data-widget_type=\"text-editor.default\">\n\t\t\t\t<div class=\"elementor-widget-container\">\n\t\t\t\t\t\t\t\t\t<p>De las personas que trabajan en el sector de la actividad f\u00edsica y el deporte est\u00e1n contentas con su trabajo.<\/p>\t\t\t\t\t\t\t\t<\/div>\n\t\t\t\t<\/div>\n\t\t\t\t<\/div>\n\t\t\t\t<\/div>\n\t\t\t\t\t<\/div>\n\t\t\t\t<\/div>\n\t\t<div class=\"elementor-element elementor-element-a2d2301 e-flex e-con-boxed e-con e-parent\" data-id=\"a2d2301\" data-element_type=\"container\" data-e-type=\"container\">\n\t\t\t\t\t<div class=\"e-con-inner\">\n\t\t\t\t<div class=\"elementor-element elementor-element-d84eaaa elementor-widget elementor-widget-text-editor\" data-id=\"d84eaaa\" data-element_type=\"widget\" data-e-type=\"widget\" data-widget_type=\"text-editor.default\">\n\t\t\t\t<div class=\"elementor-widget-container\">\n\t\t\t\t\t\t\t\t\t<p><em><strong>Fuentes:<\/strong>\u00a0 Secretaria General de l&#8217;Esport, Consejo Superior de Deportes (CSD) y Ag\u00e8ncia de Qualitat Universit\u00e0ria (AQU).<\/em><\/p>\t\t\t\t\t\t\t\t<\/div>\n\t\t\t\t<\/div>\n\t\t\t\t\t<\/div>\n\t\t\t\t<\/div>\n\t\t<div class=\"elementor-element elementor-element-7b620e8 e-flex e-con-boxed e-con e-parent\" data-id=\"7b620e8\" data-element_type=\"container\" data-e-type=\"container\">\n\t\t\t\t\t<div class=\"e-con-inner\">\n\t\t\t\t<div class=\"elementor-element elementor-element-b75245e elementor-widget elementor-widget-text-editor\" data-id=\"b75245e\" data-element_type=\"widget\" data-e-type=\"widget\" data-widget_type=\"text-editor.default\">\n\t\t\t\t<div class=\"elementor-widget-container\">\n\t\t\t\t\t\t\t\t\t<h2>Salidas profesionales en el deporte\u00a0<\/h2>\t\t\t\t\t\t\t\t<\/div>\n\t\t\t\t<\/div>\n\t\t\t\t\t<\/div>\n\t\t\t\t<\/div>\n\t\t<div class=\"elementor-element elementor-element-6d305fe e-flex e-con-boxed e-con e-parent\" data-id=\"6d305fe\" data-element_type=\"container\" data-e-type=\"container\">\n\t\t\t\t\t<div class=\"e-con-inner\">\n\t\t\t\t<div class=\"elementor-element elementor-element-e29bc59 elementor-widget elementor-widget-text-editor\" data-id=\"e29bc59\" data-element_type=\"widget\" data-e-type=\"widget\" data-widget_type=\"text-editor.default\">\n\t\t\t\t<div class=\"elementor-widget-container\">\n\t\t\t\t\t\t\t\t\t<div><p><span style=\"font-weight: 400;\">Nos encontramos ante una nueva etapa llena de oportunidades laborales.<\/span><\/p><p><span style=\"font-weight: 400;\"><strong>La revoluci\u00f3n tecnol\u00f3gica y el crecimiento exponencial de la demanda ha provocado la diversificaci\u00f3n de la industria del deporte,<\/strong> ofreciendo un amplio abanico de \u00e1reas y creando nuevas profesiones del deporte que trascienden del \u00e1mbito tradicional.<\/span><\/p><\/div><p><img fetchpriority=\"high\" decoding=\"async\" class=\"wp-image-1008494 alignleft\" src=\"https:\/\/www.escuelavitae.com\/wp-content\/uploads\/2024\/05\/escalada-realidad-virtual-215x300.jpg\" alt=\"Hombre practicando escalada deportiva en roca a trav\u00e9s de unas gafas de realidad virtual\" width=\"301\" height=\"419\" srcset=\"https:\/\/www.escuelavitae.com\/wp-content\/uploads\/2024\/05\/escalada-realidad-virtual-215x300.jpg 215w, https:\/\/www.escuelavitae.com\/wp-content\/uploads\/2024\/05\/escalada-realidad-virtual-735x1024.jpg 735w, https:\/\/www.escuelavitae.com\/wp-content\/uploads\/2024\/05\/escalada-realidad-virtual-768x1069.jpg 768w, https:\/\/www.escuelavitae.com\/wp-content\/uploads\/2024\/05\/escalada-realidad-virtual-1103x1536.jpg 1103w, https:\/\/www.escuelavitae.com\/wp-content\/uploads\/2024\/05\/escalada-realidad-virtual-1471x2048.jpg 1471w, https:\/\/www.escuelavitae.com\/wp-content\/uploads\/2024\/05\/escalada-realidad-virtual-scaled.jpg 1838w\" sizes=\"(max-width: 301px) 100vw, 301px\" \/><\/p><p><span style=\"font-weight: 400;\">Por eso, <strong>Vitae Escuela Universitaria y la <span style=\"color: #000000;\"><a style=\"color: #000000;\" href=\"https:\/\/www.uaoceu.es\/vitae-centro-adscrito\">Universidad Abat Oliba CEU,<\/a><\/span><\/strong> hemos dise\u00f1ado el nuevo <span style=\"color: #00cf58;\"><a style=\"color: #00cf58;\" href=\"https:\/\/www.escuelavitae.com\/es\/cursos\/grado-en-ciencias-de-la-actividad-fisica-y-el-deporte\/\">Grado en Ciencias de la Actividad F\u00edsica y el Deporte (CAFD),<\/a><\/span> pensado para potenciar tu desarrollo como profesional del deporte en una era disruptiva y ser capaz de afrontar tu futuro con total confianza.<\/span><\/p><p><span style=\"font-weight: 400;\">Un nuevo grado para una nueva era. <strong>Un plan de estudios que va m\u00e1s all\u00e1 de la ense\u00f1anza convencional;<\/strong>\u00a0guiado por la innovaci\u00f3n, la tecnolog\u00eda y las competencias personales e interpersonales.<\/span><\/p><p><span style=\"font-weight: 400;\">Obtendr\u00e1s una comprensi\u00f3n integral del deporte y desarrollar\u00e1s habilidades espec\u00edficas en docencia, gesti\u00f3n, emprendimiento, entrenamiento, salud, ocio, entretenimiento, medio natural, tecnolog\u00eda, investigaci\u00f3n e innovaci\u00f3n deportiva.<\/span><\/p>\t\t\t\t\t\t\t\t<\/div>\n\t\t\t\t<\/div>\n\t\t\t\t\t<\/div>\n\t\t\t\t<\/div>\n\t\t<div class=\"elementor-element elementor-element-5cca33f e-flex e-con-boxed e-con e-parent\" data-id=\"5cca33f\" data-element_type=\"container\" data-e-type=\"container\">\n\t\t\t\t\t<div class=\"e-con-inner\">\n\t\t\t\t<div class=\"elementor-element elementor-element-12b6f87 elementor-widget elementor-widget-text-editor\" data-id=\"12b6f87\" data-element_type=\"widget\" data-e-type=\"widget\" data-widget_type=\"text-editor.default\">\n\t\t\t\t<div class=\"elementor-widget-container\">\n\t\t\t\t\t\t\t\t\t<h3>Profesiones actuales reguladas para los titulados en CAFD<\/h3>\t\t\t\t\t\t\t\t<\/div>\n\t\t\t\t<\/div>\n\t\t\t\t\t<\/div>\n\t\t\t\t<\/div>\n\t\t<div class=\"elementor-element elementor-element-7f6b6cf e-flex e-con-boxed e-con e-parent\" data-id=\"7f6b6cf\" data-element_type=\"container\" data-e-type=\"container\">\n\t\t\t\t\t<div class=\"e-con-inner\">\n\t\t\t\t<div class=\"elementor-element elementor-element-8b30d02 elementor-widget elementor-widget-text-editor\" data-id=\"8b30d02\" data-element_type=\"widget\" data-e-type=\"widget\" data-widget_type=\"text-editor.default\">\n\t\t\t\t<div class=\"elementor-widget-container\">\n\t\t\t\t\t\t\t\t\t<ol>\n \t<li style=\"font-weight: 400;\" aria-level=\"1\"><span style=\"font-weight: 400;\">Entrenador deportivo<\/span><\/li>\n \t<li style=\"font-weight: 400;\" aria-level=\"1\"><span style=\"font-weight: 400;\">Entrenador personal<\/span><\/li>\n \t<li style=\"font-weight: 400;\" aria-level=\"1\"><span style=\"font-weight: 400;\">Preparador f\u00edsico<\/span><\/li>\n \t<li style=\"font-weight: 400;\" aria-level=\"1\"><span style=\"font-weight: 400;\">Gu\u00eda en el medio natural<\/span><\/li>\n \t<li><span style=\"font-weight: 400;\">Animador de actividades sociodeportivas<\/span><\/li>\n \t<li style=\"font-weight: 400;\" aria-level=\"1\"><span style=\"font-weight: 400;\">Director deportivo<\/span><\/li>\n \t<li style=\"font-weight: 400;\" aria-level=\"1\"><span style=\"font-weight: 400;\">Investigador<\/span><\/li>\n \t<li style=\"font-weight: 400;\" aria-level=\"1\"><span style=\"font-weight: 400;\">Organizador de eventos deportivos<\/span><\/li>\n \t<li style=\"font-weight: 400;\" aria-level=\"1\"><span style=\"font-weight: 400;\">Profesor de educaci\u00f3n f\u00edsica<\/span><\/li>\n \t<li style=\"font-weight: 400;\" aria-level=\"1\"><span style=\"font-weight: 400;\">Recuperador<\/span><\/li>\n \t<li style=\"font-weight: 400;\" aria-level=\"1\"><span style=\"font-weight: 400;\">Alto rendimiento deportivo<\/span><\/li>\n \t<li style=\"font-weight: 400;\" aria-level=\"1\"><span style=\"font-weight: 400;\">Dinamizador de ocio y tiempo libre<\/span><\/li>\n \t<li style=\"font-weight: 400;\" aria-level=\"1\"><span style=\"font-weight: 400;\">Monitor deportivo<\/span><\/li>\n \t<li style=\"font-weight: 400;\" aria-level=\"1\"><span style=\"font-weight: 400;\">T\u00e9cnico de acondicionamiento f\u00edsico<\/span><\/li>\n \t<li style=\"font-weight: 400;\" aria-level=\"1\"><span style=\"font-weight: 400;\">Asesor deportivo<\/span><\/li>\n<\/ol>\n<strong>Alguna de estas profesiones puedes ejercerlas con las titulaciones oficiales de Grado Medio y Grado Superior de Deporte,<\/strong> as\u00ed que si tienes una FP o est\u00e1s pensando estudiar un ciclo formativo de deporte, <span style=\"color: #00cf58;\"><a style=\"color: #00cf58;\" href=\"https:\/\/www.escuelavitae.com\/es\/salidas-profesionales-ciclo-formativo-deporte\/\">conoce tus oportunidades laborales aqu\u00ed.<\/a><\/span>\t\t\t\t\t\t\t\t<\/div>\n\t\t\t\t<\/div>\n\t\t\t\t\t<\/div>\n\t\t\t\t<\/div>\n\t\t<div class=\"elementor-element elementor-element-26bda41 e-flex e-con-boxed e-con e-parent\" data-id=\"26bda41\" data-element_type=\"container\" data-e-type=\"container\">\n\t\t\t\t\t<div class=\"e-con-inner\">\n\t\t\t\t<div class=\"elementor-element elementor-element-58e4f9b elementor-widget elementor-widget-text-editor\" data-id=\"58e4f9b\" data-element_type=\"widget\" data-e-type=\"widget\" data-widget_type=\"text-editor.default\">\n\t\t\t\t<div class=\"elementor-widget-container\">\n\t\t\t\t\t\t\t\t\t<h4>Competencias para triunfar<\/h4>\t\t\t\t\t\t\t\t<\/div>\n\t\t\t\t<\/div>\n\t\t\t\t\t<\/div>\n\t\t\t\t<\/div>\n\t\t<div class=\"elementor-element elementor-element-2f369d2 e-flex e-con-boxed e-con e-parent\" data-id=\"2f369d2\" data-element_type=\"container\" data-e-type=\"container\">\n\t\t\t\t\t<div class=\"e-con-inner\">\n\t\t\t\t<div class=\"elementor-element elementor-element-5167ed2 elementor-widget elementor-widget-text-editor\" data-id=\"5167ed2\" data-element_type=\"widget\" data-e-type=\"widget\" data-widget_type=\"text-editor.default\">\n\t\t\t\t<div class=\"elementor-widget-container\">\n\t\t\t\t\t\t\t\t\t<p><span style=\"font-weight: 400;\"><strong>Las competencias personales<\/strong> que se requieren para ejercer como profesional de la actividad f\u00edsica y el deporte, <strong>son y ser\u00e1n innegociables.<\/strong><\/span><\/p><p><span style=\"font-weight: 400;\">Pero la transformaci\u00f3n tecnol\u00f3gica est\u00e1 teniendo un impacto significativo en el sector, y est\u00e1 revolucionando la forma en c\u00f3mo se practica y c\u00f3mo se gestiona el deporte. Desde el uso de aplicaciones, dispositivos para monitorizar el rendimiento de los atletas, fan engagement y an\u00e1lisis de datos en tiempo real durante los eventos deportivos, etc.<\/span><\/p><p><span style=\"font-weight: 400;\">Por lo que <strong>tambi\u00e9n tendr\u00e1s que dominar habilidades digitales si quieres competir en el mercado laboral actual y pr\u00f3spero.<\/strong><\/span><\/p>\t\t\t\t\t\t\t\t<\/div>\n\t\t\t\t<\/div>\n\t\t\t\t\t<\/div>\n\t\t\t\t<\/div>\n\t\t<div class=\"elementor-element elementor-element-0e2de97 e-flex e-con-boxed e-con e-parent\" data-id=\"0e2de97\" data-element_type=\"container\" data-e-type=\"container\">\n\t\t\t\t\t<div class=\"e-con-inner\">\n\t\t\t\t<div class=\"elementor-element elementor-element-51d56a9 elementor-widget elementor-widget-text-editor\" data-id=\"51d56a9\" data-element_type=\"widget\" data-e-type=\"widget\" data-widget_type=\"text-editor.default\">\n\t\t\t\t<div class=\"elementor-widget-container\">\n\t\t\t\t\t\t\t\t\t<h3>Profesiones del futuro: deporte + salud + tecnolog\u00eda<\/h3>\t\t\t\t\t\t\t\t<\/div>\n\t\t\t\t<\/div>\n\t\t\t\t\t<\/div>\n\t\t\t\t<\/div>\n\t\t<div class=\"elementor-element elementor-element-2e7ca28 e-flex e-con-boxed e-con e-parent\" data-id=\"2e7ca28\" data-element_type=\"container\" data-e-type=\"container\">\n\t\t\t\t\t<div class=\"e-con-inner\">\n\t\t\t\t<div class=\"elementor-element elementor-element-9d4f36b elementor-widget elementor-widget-text-editor\" data-id=\"9d4f36b\" data-element_type=\"widget\" data-e-type=\"widget\" data-widget_type=\"text-editor.default\">\n\t\t\t\t<div class=\"elementor-widget-container\">\n\t\t\t\t\t\t\t\t\t<p><img decoding=\"async\" class=\"wp-image-1006299 alignright\" src=\"https:\/\/www.escuelavitae.com\/wp-content\/uploads\/2024\/03\/vitae-escuela-del-deporte-cafed-6-300x215.jpg\" alt=\"\" width=\"356\" height=\"255\" srcset=\"https:\/\/www.escuelavitae.com\/wp-content\/uploads\/2024\/03\/vitae-escuela-del-deporte-cafed-6-300x215.jpg 300w, https:\/\/www.escuelavitae.com\/wp-content\/uploads\/2024\/03\/vitae-escuela-del-deporte-cafed-6.jpg 418w\" sizes=\"(max-width: 356px) 100vw, 356px\" \/><\/p><p><span style=\"font-weight: 400;\">El 80% de los j\u00f3venes espa\u00f1oles, de entre 20 y 30 a\u00f1os, que encuentren trabajo a medio plazo, ejercer\u00e1n en profesiones creadas recientemente o a\u00fan por crear.<\/span><\/p><p><span style=\"font-weight: 400;\">8 de cada 10 lo har\u00e1 en un puesto de trabajo relacionado con el \u00e1mbito digital (OCDE, 2016).<\/span><\/p><p>Y el ranking de empleabilidad <span style=\"font-weight: 400;\">en el sector deportivo <\/span><span style=\"font-weight: 400;\">estar\u00e1 liderado por la salud y la tecnolog\u00eda.<\/span><\/p>\t\t\t\t\t\t\t\t<\/div>\n\t\t\t\t<\/div>\n\t\t\t\t\t<\/div>\n\t\t\t\t<\/div>\n\t\t<div class=\"elementor-element elementor-element-7ed10c6 e-flex e-con-boxed e-con e-parent\" data-id=\"7ed10c6\" data-element_type=\"container\" data-e-type=\"container\">\n\t\t\t\t\t<div class=\"e-con-inner\">\n\t\t\t\t<div class=\"elementor-element elementor-element-9692c82 elementor-widget elementor-widget-text-editor\" data-id=\"9692c82\" data-element_type=\"widget\" data-e-type=\"widget\" data-widget_type=\"text-editor.default\">\n\t\t\t\t<div class=\"elementor-widget-container\">\n\t\t\t\t\t\t\t\t\t<h4>\u00bfCu\u00e1les son las nuevas profesiones del deporte que nos ha tra\u00eddo la tecnolog\u00eda?<\/h4>\t\t\t\t\t\t\t\t<\/div>\n\t\t\t\t<\/div>\n\t\t\t\t\t<\/div>\n\t\t\t\t<\/div>\n\t\t<div class=\"elementor-element elementor-element-e1a91dd e-flex e-con-boxed e-con e-parent\" data-id=\"e1a91dd\" data-element_type=\"container\" data-e-type=\"container\">\n\t\t\t\t\t<div class=\"e-con-inner\">\n\t\t\t\t<div class=\"elementor-element elementor-element-b065e0f elementor-widget elementor-widget-text-editor\" data-id=\"b065e0f\" data-element_type=\"widget\" data-e-type=\"widget\" data-widget_type=\"text-editor.default\">\n\t\t\t\t<div class=\"elementor-widget-container\">\n\t\t\t\t\t\t\t\t\t<ol><li style=\"font-weight: 400;\" aria-level=\"1\"><span style=\"font-weight: 400;\">Influencer del deporte y la salud<\/span><\/li><li style=\"font-weight: 400;\" aria-level=\"1\"><span style=\"font-weight: 400;\">Experto en tecnolog\u00eda y deporte (widgets, an\u00e1lisis de datos, desarrollo de aplicaciones\u2026)<\/span><\/li><li style=\"font-weight: 400;\" aria-level=\"1\"><span style=\"font-weight: 400;\">E-Sports<\/span><\/li><li style=\"font-weight: 400;\" aria-level=\"1\"><span style=\"font-weight: 400;\">Ocio y recreaci\u00f3n digital-f\u00edsica<\/span><\/li><li style=\"font-weight: 400;\" aria-level=\"1\"><span style=\"font-weight: 400;\">Ejercicio f\u00edsico y salud en casa IoT<\/span><\/li><li style=\"font-weight: 400;\" aria-level=\"1\"><span style=\"font-weight: 400;\">Emprendedor 2.0: startups, APPs<\/span><\/li><\/ol>\t\t\t\t\t\t\t\t<\/div>\n\t\t\t\t<\/div>\n\t\t\t\t\t<\/div>\n\t\t\t\t<\/div>\n\t\t<div class=\"elementor-element elementor-element-73609b3 e-flex e-con-boxed e-con e-parent\" data-id=\"73609b3\" data-element_type=\"container\" data-e-type=\"container\">\n\t\t\t\t\t<div class=\"e-con-inner\">\n\t\t\t\t<div class=\"elementor-element elementor-element-268f1e1 elementor-widget elementor-widget-text-editor\" data-id=\"268f1e1\" data-element_type=\"widget\" data-e-type=\"widget\" data-widget_type=\"text-editor.default\">\n\t\t\t\t<div class=\"elementor-widget-container\">\n\t\t\t\t\t\t\t\t\t<h2>Servicios deportivos personalizados<\/h2>\t\t\t\t\t\t\t\t<\/div>\n\t\t\t\t<\/div>\n\t\t\t\t\t<\/div>\n\t\t\t\t<\/div>\n\t\t<div class=\"elementor-element elementor-element-9d6bc4e e-flex e-con-boxed e-con e-parent\" data-id=\"9d6bc4e\" data-element_type=\"container\" data-e-type=\"container\">\n\t\t\t\t\t<div class=\"e-con-inner\">\n\t\t\t\t<div class=\"elementor-element elementor-element-42fd9f3 elementor-widget elementor-widget-text-editor\" data-id=\"42fd9f3\" data-element_type=\"widget\" data-e-type=\"widget\" data-widget_type=\"text-editor.default\">\n\t\t\t\t<div class=\"elementor-widget-container\">\n\t\t\t\t\t\t\t\t\t<p><span style=\"font-weight: 400;\">\u00bfQu\u00e9 buscan los usuarios y las empresas en la actualidad?<\/span><\/p><p><span style=\"font-weight: 400;\"><strong>Personalizaci\u00f3n.<\/strong>\u00a0<\/span><\/p><p><span style=\"font-weight: 400;\">Tanto si trabajamos con deportistas amateurs o con atletas profesionales. Cada persona tiene sus necesidades, motivaciones y metas; identificarlas y adaptar los servicios va a ser la clave del \u00e9xito.<\/span><\/p><p><span style=\"font-weight: 400;\">Desde el dise\u00f1o de programas de entrenamiento, de readaptaci\u00f3n deportiva y fisioterapia, de nutrici\u00f3n\u2026, hasta la ropa y los dispositivos electr\u00f3nicos.<\/span><\/p><p>La atenci\u00f3n individualizada est\u00e1 en alza.<strong> Las empresas y los deportistas buscan cada vez m\u00e1s especialistas capaces de adaptarse a sus necesidades \u00fanicas.<\/strong><\/p><p><span style=\"font-weight: 400;\">En Vitae nos sumamos a estos avances tecnol\u00f3gicos y trabajamos para satisfacer la demanda del mercado, formando a los profesionales del futuro con el nuevo CAFD.<\/span><\/p><p><strong>Te espera un futuro apasionante en el mundo del deporte.<\/strong><\/p><p><span style=\"font-weight: 400;\">\u00bfTe sumas a la revoluci\u00f3n?<\/span><\/p><p><span style=\"font-weight: 400;\"><span style=\"color: #00cf58;\"><a style=\"color: #00cf58;\" href=\"https:\/\/www.escuelavitae.com\/es\/cursos\/grado-en-ciencias-de-la-actividad-fisica-y-el-deporte\/\">Grado en Ciencias de la Actividad F\u00edsica y el Deporte, un nuevo grado para una nueva era.<\/a><\/span>\u00a0<\/span><\/p><p><span style=\"font-weight: 400;\">\u00a0<\/span><\/p>\t\t\t\t\t\t\t\t<\/div>\n\t\t\t\t<\/div>\n\t\t\t\t\t<\/div>\n\t\t\t\t<\/div>\n\t\t\t\t<\/div>\n\t\t","protected":false},"excerpt":{"rendered":"<p>Una nueva etapa llena de oportunidades laborales en el sector de la actividad f\u00edsica y el deporte. El mundo laboral est\u00e1 experimentando importantes transformaciones debido a la globalizaci\u00f3n y a la evoluci\u00f3n tecnol\u00f3gica acelerada. Estos cambios afectan a diversos \u00e1mbitos, y el deporte es uno de los grandes involucrados. A medida que el sector del&#8230;<\/p>\n","protected":false},"author":5,"featured_media":1006761,"comment_status":"closed","ping_status":"closed","sticky":false,"template":"","format":"standard","meta":{"om_disable_all_campaigns":false,"footnotes":""},"categories":[1],"tags":[],"class_list":["post-1008466","post","type-post","status-publish","format-standard","has-post-thumbnail","hentry","category-sin-categorizar"],"aioseo_notices":[],"_links":{"self":[{"href":"https:\/\/www.escuelavitae.com\/es\/wp-json\/wp\/v2\/posts\/1008466","targetHints":{"allow":["GET"]}}],"collection":[{"href":"https:\/\/www.escuelavitae.com\/es\/wp-json\/wp\/v2\/posts"}],"about":[{"href":"https:\/\/www.escuelavitae.com\/es\/wp-json\/wp\/v2\/types\/post"}],"author":[{"embeddable":true,"href":"https:\/\/www.escuelavitae.com\/es\/wp-json\/wp\/v2\/users\/5"}],"replies":[{"embeddable":true,"href":"https:\/\/www.escuelavitae.com\/es\/wp-json\/wp\/v2\/comments?post=1008466"}],"version-history":[{"count":86,"href":"https:\/\/www.escuelavitae.com\/es\/wp-json\/wp\/v2\/posts\/1008466\/revisions"}],"predecessor-version":[{"id":1008757,"href":"https:\/\/www.escuelavitae.com\/es\/wp-json\/wp\/v2\/posts\/1008466\/revisions\/1008757"}],"wp:featuredmedia":[{"embeddable":true,"href":"https:\/\/www.escuelavitae.com\/es\/wp-json\/wp\/v2\/media\/1006761"}],"wp:attachment":[{"href":"https:\/\/www.escuelavitae.com\/es\/wp-json\/wp\/v2\/media?parent=1008466"}],"wp:term":[{"taxonomy":"category","embeddable":true,"href":"https:\/\/www.escuelavitae.com\/es\/wp-json\/wp\/v2\/categories?post=1008466"},{"taxonomy":"post_tag","embeddable":true,"href":"https:\/\/www.escuelavitae.com\/es\/wp-json\/wp\/v2\/tags?post=1008466"}],"curies":[{"name":"wp","href":"https:\/\/api.w.org\/{rel}","templated":true}]}}