{"id":1007102,"date":"2024-03-11T14:49:57","date_gmt":"2024-03-11T13:49:57","guid":{"rendered":"https:\/\/www.escuelavitae.com\/grau-ciencies-activitat-fisica-esport-salo-ensenyament\/"},"modified":"2024-05-30T10:44:51","modified_gmt":"2024-05-30T08:44:51","slug":"grau-ciencies-activitat-fisica-esport-salo-ensenyament","status":"publish","type":"post","link":"https:\/\/www.escuelavitae.com\/es\/grau-ciencies-activitat-fisica-esport-salo-ensenyament\/","title":{"rendered":"Llega a Barcelona el nuevo Grado en Ciencias de la Actividad F\u00edsica y el Deporte (CAFD)"},"content":{"rendered":"\t\t<div data-elementor-type=\"wp-post\" data-elementor-id=\"1007102\" class=\"elementor elementor-1007102 elementor-1006041\" data-elementor-post-type=\"post\">\n\t\t\t\t<div class=\"elementor-element elementor-element-4f79160 e-flex e-con-boxed e-con e-parent\" data-id=\"4f79160\" data-element_type=\"container\" data-e-type=\"container\">\n\t\t\t\t\t<div class=\"e-con-inner\">\n\t\t\t\t<div class=\"elementor-element elementor-element-57ec4f9 elementor-widget elementor-widget-text-editor\" data-id=\"57ec4f9\" data-element_type=\"widget\" data-e-type=\"widget\" data-widget_type=\"text-editor.default\">\n\t\t\t\t<div class=\"elementor-widget-container\">\n\t\t\t\t\t\t\t\t\t<h2>Un nuevo grado CAFD para una nueva era.<\/h2>\t\t\t\t\t\t\t\t<\/div>\n\t\t\t\t<\/div>\n\t\t\t\t\t<\/div>\n\t\t\t\t<\/div>\n\t\t<div class=\"elementor-element elementor-element-78c2a72 e-flex e-con-boxed e-con e-parent\" data-id=\"78c2a72\" data-element_type=\"container\" data-e-type=\"container\">\n\t\t\t\t\t<div class=\"e-con-inner\">\n\t\t\t\t<div class=\"elementor-element elementor-element-f9c3942 elementor-widget elementor-widget-text-editor\" data-id=\"f9c3942\" data-element_type=\"widget\" data-e-type=\"widget\" data-widget_type=\"text-editor.default\">\n\t\t\t\t<div class=\"elementor-widget-container\">\n\t\t\t\t\t\t\t\t\t<p>Hemos sido testigos de la innovaci\u00f3n en el deporte.<\/p><p>En sus materiales, en los gadgets, en las metodolog\u00edas, en el fan engagement&#8230;<\/p>\t\t\t\t\t\t\t\t<\/div>\n\t\t\t\t<\/div>\n\t\t\t\t\t<\/div>\n\t\t\t\t<\/div>\n\t\t<div class=\"elementor-element elementor-element-544170b e-flex e-con-boxed e-con e-parent\" data-id=\"544170b\" data-element_type=\"container\" data-e-type=\"container\">\n\t\t\t\t\t<div class=\"e-con-inner\">\n\t\t\t\t<div class=\"elementor-element elementor-element-719ce5a elementor-widget elementor-widget-text-editor\" data-id=\"719ce5a\" data-element_type=\"widget\" data-e-type=\"widget\" data-widget_type=\"text-editor.default\">\n\t\t\t\t<div class=\"elementor-widget-container\">\n\t\t\t\t\t\t\t\t\t<h3>Ten\u00eda que llegar la innovaci\u00f3n en la formaci\u00f3n deportiva.<\/h3>\t\t\t\t\t\t\t\t<\/div>\n\t\t\t\t<\/div>\n\t\t\t\t\t<\/div>\n\t\t\t\t<\/div>\n\t\t<div class=\"elementor-element elementor-element-12765f47 e-flex e-con-boxed e-con e-parent\" data-id=\"12765f47\" data-element_type=\"container\" data-e-type=\"container\">\n\t\t\t\t\t<div class=\"e-con-inner\">\n\t\t\t\t<div class=\"elementor-element elementor-element-58a6e06 elementor-widget elementor-widget-text-editor\" data-id=\"58a6e06\" data-element_type=\"widget\" data-e-type=\"widget\" data-widget_type=\"text-editor.default\">\n\t\t\t\t<div class=\"elementor-widget-container\">\n\t\t\t\t\t\t\t\t\t<p><strong>Vitae Escuela Universitaria del Deporte<\/strong> <strong>nos convertimos en el primer centro adscrito a la<\/strong> <span style=\"font-weight: 400;\"><strong><span style=\"color: #000000;\"><a style=\"color: #000000;\" href=\"https:\/\/www.uaoceu.es\/\">Universidad Abat Oliba CEU<\/a><\/span><\/strong>,<\/span> una universidad con 20 a\u00f1os de recorrido. Y lo hacemos con el objetivo de ampliar los horizontes acad\u00e9micos y profesionales con el nuevo <span style=\"font-weight: 400;\"><span style=\"color: #00cf58;\"><a style=\"color: #00cf58;\" href=\"href=\">Grado en Ciencias de la Actividad F\u00edsica y el Deporte (CAFD).<\/a><\/span><\/span>\u00a0Un nuevo grado para una nueva era que demanda profesionales con visi\u00f3n de futuro.<\/p><p>Un futuro lleno de oportunidades donde el 80% de los j\u00f3venes ejercer\u00e1n profesiones reci\u00e9n creadas o que todav\u00eda se est\u00e1n creando.<\/p><p>Un futuro donde 8 de cada 10 profesionales del deporte ejercer\u00e1 un trabajo relacionado con el \u00e1mbito digital [OCDE, 2016 &#8211; Organizaci\u00f3n de Cooperaci\u00f3n y Desarrollo Econ\u00f3mico].<\/p>\t\t\t\t\t\t\t\t<\/div>\n\t\t\t\t<\/div>\n\t\t\t\t<div class=\"elementor-element elementor-element-21754bb elementor-widget elementor-widget-text-editor\" data-id=\"21754bb\" data-element_type=\"widget\" data-e-type=\"widget\" data-widget_type=\"text-editor.default\">\n\t\t\t\t<div class=\"elementor-widget-container\">\n\t\t\t\t\t\t\t\t\t<blockquote><h2>El mundo del deporte evoluciona cada d\u00eda m\u00e1s r\u00e1pido, y en \u00e9l predomina la digitalizaci\u00f3n.<\/h2><\/blockquote>\t\t\t\t\t\t\t\t<\/div>\n\t\t\t\t<\/div>\n\t\t\t\t<div class=\"elementor-element elementor-element-09e98d7 elementor-widget elementor-widget-text-editor\" data-id=\"09e98d7\" data-element_type=\"widget\" data-e-type=\"widget\" data-widget_type=\"text-editor.default\">\n\t\t\t\t<div class=\"elementor-widget-container\">\n\t\t\t\t\t\t\t\t\t<div><p>Este cambio implica m\u00faltiples oportunidades laborales. Para lo cual necesitas una una formaci\u00f3n integral, din\u00e1mica y conectada estrechamente con las demandas del sector deportivo. Y no solo <strong>hablamos de lograr competencias tecnol\u00f3gicas, sino tambi\u00e9n de potenciar las competencias interpersonales.<\/strong><\/p><\/div><p><img fetchpriority=\"high\" decoding=\"async\" class=\"wp-image-1006340 size-medium alignleft\" src=\"https:\/\/www.escuelavitae.com\/wp-content\/uploads\/2024\/01\/vitae-escuela-del-deporte-cafed-carrusel-1-300x215.jpg\" alt=\"\" width=\"300\" height=\"215\" srcset=\"https:\/\/www.escuelavitae.com\/wp-content\/uploads\/2024\/01\/vitae-escuela-del-deporte-cafed-carrusel-1-300x215.jpg 300w, https:\/\/www.escuelavitae.com\/wp-content\/uploads\/2024\/01\/vitae-escuela-del-deporte-cafed-carrusel-1.jpg 418w\" sizes=\"(max-width: 300px) 100vw, 300px\" \/><\/p><p><span style=\"font-weight: 400;\">El mundo digital es muy alentador, pero recuerda: <strong>trabajamos con personas y tenemos que saber conectar con ellas. <\/strong><\/span><span style=\"font-weight: 400;\">Como profesionales del deporte debemos saber explicar y ordenar ideas, comunicarlas correctamente para que nos entiendan, transmitir aquello que queremos conseguir y emocionar.<\/span><\/p><p>\u00bfQuieres formar parte de esta evoluci\u00f3n?<\/p>\t\t\t\t\t\t\t\t<\/div>\n\t\t\t\t<\/div>\n\t\t\t\t<div class=\"elementor-element elementor-element-edfce82 elementor-widget elementor-widget-text-editor\" data-id=\"edfce82\" data-element_type=\"widget\" data-e-type=\"widget\" data-widget_type=\"text-editor.default\">\n\t\t\t\t<div class=\"elementor-widget-container\">\n\t\t\t\t\t\t\t\t\t<strong>El <span style=\"color: #00cf58;\"><a style=\"color: #00cf58;\" href=\"https:\/\/www.escuelavitae.com\/es\/cursos\/grado-en-ciencias-de-la-actividad-fisica-y-el-deporte\/\">plan de estudios del nuevo CAFYD<\/a><\/span> te sumerge en las profesiones del futuro, vinculadas a:<\/strong>\n<h3>Las 10 \u00e1reas profesionales que te ofrece el sector deportivo<\/h3>\t\t\t\t\t\t\t\t<\/div>\n\t\t\t\t<\/div>\n\t\t\t\t<div class=\"elementor-element elementor-element-c4bd678 elementor-widget elementor-widget-text-editor\" data-id=\"c4bd678\" data-element_type=\"widget\" data-e-type=\"widget\" data-widget_type=\"text-editor.default\">\n\t\t\t\t<div class=\"elementor-widget-container\">\n\t\t\t\t\t\t\t\t\t<ol><li><span style=\"font-weight: 400;\">Docencia<\/span><\/li><li style=\"font-weight: 400;\" aria-level=\"1\"><span style=\"font-weight: 400;\">Entrenamiento<\/span><\/li><li style=\"font-weight: 400;\" aria-level=\"1\"><span style=\"font-weight: 400;\">Entretenimiento<\/span><\/li><li style=\"font-weight: 400;\" aria-level=\"1\"><span style=\"font-weight: 400;\">Gesti\u00f3n y Emprendimiento<\/span><\/li><li style=\"font-weight: 400;\" aria-level=\"1\"><span style=\"font-weight: 400;\">Salud<\/span><\/li><li style=\"font-weight: 400;\" aria-level=\"1\"><span style=\"font-weight: 400;\">Ocio<\/span><\/li><li style=\"font-weight: 400;\" aria-level=\"1\"><span style=\"font-weight: 400;\">Medio natural<\/span><\/li><li><span style=\"font-weight: 400;\">Innovaci\u00f3n<\/span><\/li><li><span style=\"font-weight: 400;\">Tecnolog\u00eda<\/span><\/li><li aria-level=\"1\"><span style=\"font-weight: 400;\">Investigaci\u00f3n<\/span><\/li><\/ol>\t\t\t\t\t\t\t\t<\/div>\n\t\t\t\t<\/div>\n\t\t\t\t<div class=\"elementor-element elementor-element-1021db2 elementor-widget elementor-widget-text-editor\" data-id=\"1021db2\" data-element_type=\"widget\" data-e-type=\"widget\" data-widget_type=\"text-editor.default\">\n\t\t\t\t<div class=\"elementor-widget-container\">\n\t\t\t\t\t\t\t\t\t<h3>Un futuro repleto de retos y oportunidades<\/h3><p>En el mundo del deporte lo encontrar\u00e1s.<\/p><p>La actividad f\u00edsica y el deporte se han convertido en un sector de impacto en la econom\u00eda y la sociedad, reconocidos por la Organizaci\u00f3n Mundial de la Salud (OMS) y otras entidades internacionales como la UNESCO, como motores del bienestar y el desarrollo.<\/p><p>En Catalu\u00f1a, el deporte y la salud vinculados con la tecnolog\u00eda y la\u00a0IA, prometen ser grandes generadores de ocupaci\u00f3n laboral los pr\u00f3ximos a\u00f1os.<\/p><p><img decoding=\"async\" class=\"wp-image-1004149 size-medium alignright\" src=\"https:\/\/www.escuelavitae.com\/wp-content\/uploads\/2024\/01\/vitae-escuela-del-deporte-cafed-carrusel1-1-300x215.jpg\" alt=\"\" width=\"300\" height=\"215\" srcset=\"https:\/\/www.escuelavitae.com\/wp-content\/uploads\/2024\/01\/vitae-escuela-del-deporte-cafed-carrusel1-1-300x215.jpg 300w, https:\/\/www.escuelavitae.com\/wp-content\/uploads\/2024\/01\/vitae-escuela-del-deporte-cafed-carrusel1-1.jpg 418w\" sizes=\"(max-width: 300px) 100vw, 300px\" \/><\/p><p><strong>Trabajos que demandan profesionales del deporte especializados en el gran abanico de \u00e1reas como:<\/strong> <em>la ense\u00f1anza, el entrenamiento, el alto rendimiento, la gesti\u00f3n de empresas y organizaci\u00f3n de eventos, el acondicionamiento f\u00edsico, los e-sports, el ocio y el turismo, la actividad f\u00edsica en la naturaleza y la insaciable b\u00fasqueda de conocimiento a trav\u00e9s de la investigaci\u00f3n.<\/em><\/p>\t\t\t\t\t\t\t\t<\/div>\n\t\t\t\t<\/div>\n\t\t\t\t<div class=\"elementor-element elementor-element-2d6d68c elementor-widget elementor-widget-text-editor\" data-id=\"2d6d68c\" data-element_type=\"widget\" data-e-type=\"widget\" data-widget_type=\"text-editor.default\">\n\t\t\t\t<div class=\"elementor-widget-container\">\n\t\t\t\t\t\t\t\t\t<h2>Instalaciones deportiva y aulario de vanguardia en el coraz\u00f3n de Barcelona<\/h2><p>Estamos preparados por el cambio. Formar profesionales del deporte con competencias de futuro requiere un plan de estudios actualizado, un equipo docente vinculado en su d\u00eda a d\u00eda al mundo laboral y un entorno puntero.<\/p><p>El <span style=\"color: #00cf58;\"><a style=\"color: #00cf58;\" href=\"https:\/\/www.escuelavitae.com\/es\/cursos\/grado-en-ciencias-de-la-actividad-fisica-y-el-deporte\/\">Campus Universitario Vitae<\/a><\/span> se ubica en dos instalaciones:<\/p><ul><li><strong>Balmes: <\/strong>Instalaaci\u00f3n acad\u00e9mica &#8211; C\/ Balmes 209, 08006 Barcelona. Un edificio de 3.000m\u00b2 con aulas equipadas de tecnolog\u00eda de vanguardia. 700m\u00b2 de espacios comunes que fomentan la creatividad y la colaboraci\u00f3n.\u00a0<\/li><li><strong>Can Carelleu: <\/strong>Instalaci\u00f3n deportiva\u00a0 &#8211; C\/ Esports, 2-8, 08017 Barcelona. Un club de primer nivel <span style=\"color: var(--vamtam-widget-text-lighter); letter-spacing: var(--vamtam-primary-font-letter-spacing-desktop,normal); text-transform: var(--vamtam-primary-font-transform,none);\">que te garantiza el acceso a los mejores recursos alineados con las demandas del mundo laboral.\u00a0<\/span><\/li><\/ul><p><strong>Un entorno donde tu potencial se transforma en realitad.<\/strong><\/p>\t\t\t\t\t\t\t\t<\/div>\n\t\t\t\t<\/div>\n\t\t\t\t<div class=\"elementor-element elementor-element-aba9e46 elementor-widget elementor-widget-image\" data-id=\"aba9e46\" data-element_type=\"widget\" data-e-type=\"widget\" data-widget_type=\"image.default\">\n\t\t\t\t<div class=\"elementor-widget-container\">\n\t\t\t\t\t\t\t\t\t<div class=\"elementor-image\">\n\t\t\t\t\t\t\t\t\t\t\t\t\t\t\t\t\t\t\t\t\t<img decoding=\"async\" width=\"1024\" height=\"437\" src=\"https:\/\/www.escuelavitae.com\/wp-content\/uploads\/2020\/11\/vitae-escuela-del-deporte-header1-2-1024x437.jpg\" class=\"attachment-large size-large wp-image-1003588\" alt=\"\" srcset=\"https:\/\/www.escuelavitae.com\/wp-content\/uploads\/2020\/11\/vitae-escuela-del-deporte-header1-2-1024x437.jpg 1024w, https:\/\/www.escuelavitae.com\/wp-content\/uploads\/2020\/11\/vitae-escuela-del-deporte-header1-2-300x128.jpg 300w, https:\/\/www.escuelavitae.com\/wp-content\/uploads\/2020\/11\/vitae-escuela-del-deporte-header1-2-768x328.jpg 768w, https:\/\/www.escuelavitae.com\/wp-content\/uploads\/2020\/11\/vitae-escuela-del-deporte-header1-2-1536x655.jpg 1536w, https:\/\/www.escuelavitae.com\/wp-content\/uploads\/2020\/11\/vitae-escuela-del-deporte-header1-2.jpg 1903w\" sizes=\"(max-width: 1024px) 100vw, 1024px\" \/>\t\t\t\t\t\t\t\t\t\t\t\t\t\t\t\t\t\t\t\t\t\t\t\t<\/div>\n\t\t\t\t\t\t\t\t<\/div>\n\t\t\t\t<\/div>\n\t\t\t\t\t<\/div>\n\t\t\t\t<\/div>\n\t\t<div class=\"elementor-element elementor-element-a9de4be e-flex e-con-boxed e-con e-parent\" data-id=\"a9de4be\" data-element_type=\"container\" data-e-type=\"container\">\n\t\t\t\t\t<div class=\"e-con-inner\">\n\t\t<div class=\"elementor-element elementor-element-eba2005 e-con-full e-flex e-con e-child\" data-id=\"eba2005\" data-element_type=\"container\" data-e-type=\"container\">\n\t\t\t\t<div class=\"elementor-element elementor-element-a4fb1c1 elementor-widget elementor-widget-text-editor\" data-id=\"a4fb1c1\" data-element_type=\"widget\" data-e-type=\"widget\" data-widget_type=\"text-editor.default\">\n\t\t\t\t<div class=\"elementor-widget-container\">\n\t\t\t\t\t\t\t\t\t<h4>Ven a conocer el nuevo Grado en Ciencias de la Actividad F\u00edsica y el Deporte (CAFYD)<\/h4><p><span style=\"color: #00cf58;\">Del 13 al 17 de marzo en el Sal\u00f3 de l&#8217;Ensenyament (stand de la Universidad Abat Oliba CEU)<\/span><\/p>\t\t\t\t\t\t\t\t<\/div>\n\t\t\t\t<\/div>\n\t\t\t\t<\/div>\n\t\t<div class=\"elementor-element elementor-element-50937a2 e-con-full e-flex e-con e-child\" data-id=\"50937a2\" data-element_type=\"container\" data-e-type=\"container\" data-settings=\"{&quot;background_background&quot;:&quot;classic&quot;}\">\n\t\t\t\t<div class=\"elementor-element elementor-element-2726821 elementor-widget elementor-widget-text-editor\" data-id=\"2726821\" data-element_type=\"widget\" data-e-type=\"widget\" data-widget_type=\"text-editor.default\">\n\t\t\t\t<div class=\"elementor-widget-container\">\n\t\t\t\t\t\t\t\t\t<h3><span style=\"color: #ffffff;\">Inf\u00f3rmate sobre el grado en CAFD. Un nuevo grado, una nueva era.<\/span><\/h3><p><span style=\"color: #00cf58;\">\u27a1\ufe0f<\/span><a href=\"https:\/\/www.escuelavitae.com\/es\/cursos\/grado-en-ciencias-de-la-actividad-fisica-y-el-deporte\/\"><span style=\"color: #00cf58;\"> Es el momento de escoger tu futuro.<\/span><\/a><\/p>\t\t\t\t\t\t\t\t<\/div>\n\t\t\t\t<\/div>\n\t\t\t\t<\/div>\n\t\t\t\t\t<\/div>\n\t\t\t\t<\/div>\n\t\t\t\t<\/div>\n\t\t","protected":false},"excerpt":{"rendered":"<p>Un nuevo grado CAFD para una nueva era. Hemos sido testigos de la innovaci\u00f3n en el deporte. En sus materiales, en los gadgets, en las metodolog\u00edas, en el fan engagement&#8230; Ten\u00eda que llegar la innovaci\u00f3n en la formaci\u00f3n deportiva. Vitae Escuela Universitaria del Deporte nos convertimos en el primer centro adscrito a la Universidad Abat&#8230;<\/p>\n","protected":false},"author":5,"featured_media":1008593,"comment_status":"closed","ping_status":"closed","sticky":false,"template":"","format":"standard","meta":{"om_disable_all_campaigns":false,"footnotes":""},"categories":[627,1],"tags":[],"class_list":["post-1007102","post","type-post","status-publish","format-standard","has-post-thumbnail","hentry","category-cafe","category-sin-categorizar"],"aioseo_notices":[],"_links":{"self":[{"href":"https:\/\/www.escuelavitae.com\/es\/wp-json\/wp\/v2\/posts\/1007102","targetHints":{"allow":["GET"]}}],"collection":[{"href":"https:\/\/www.escuelavitae.com\/es\/wp-json\/wp\/v2\/posts"}],"about":[{"href":"https:\/\/www.escuelavitae.com\/es\/wp-json\/wp\/v2\/types\/post"}],"author":[{"embeddable":true,"href":"https:\/\/www.escuelavitae.com\/es\/wp-json\/wp\/v2\/users\/5"}],"replies":[{"embeddable":true,"href":"https:\/\/www.escuelavitae.com\/es\/wp-json\/wp\/v2\/comments?post=1007102"}],"version-history":[{"count":52,"href":"https:\/\/www.escuelavitae.com\/es\/wp-json\/wp\/v2\/posts\/1007102\/revisions"}],"predecessor-version":[{"id":1008612,"href":"https:\/\/www.escuelavitae.com\/es\/wp-json\/wp\/v2\/posts\/1007102\/revisions\/1008612"}],"wp:featuredmedia":[{"embeddable":true,"href":"https:\/\/www.escuelavitae.com\/es\/wp-json\/wp\/v2\/media\/1008593"}],"wp:attachment":[{"href":"https:\/\/www.escuelavitae.com\/es\/wp-json\/wp\/v2\/media?parent=1007102"}],"wp:term":[{"taxonomy":"category","embeddable":true,"href":"https:\/\/www.escuelavitae.com\/es\/wp-json\/wp\/v2\/categories?post=1007102"},{"taxonomy":"post_tag","embeddable":true,"href":"https:\/\/www.escuelavitae.com\/es\/wp-json\/wp\/v2\/tags?post=1007102"}],"curies":[{"name":"wp","href":"https:\/\/api.w.org\/{rel}","templated":true}]}}