{"id":1001876,"date":"2020-06-04T13:22:44","date_gmt":"2020-06-04T11:22:44","guid":{"rendered":"https:\/\/www.escuelavitae.com\/ven-a-recoger-tu-titulo-de-tecnico-deportivo\/"},"modified":"2023-12-22T15:37:00","modified_gmt":"2023-12-22T14:37:00","slug":"medidas-entrega-documentacion-final-de-ciclo","status":"publish","type":"post","link":"https:\/\/www.escuelavitae.com\/es\/medidas-entrega-documentacion-final-de-ciclo\/","title":{"rendered":"\u00a1VEN A RECOGER TU T\u00cdTULO DE T\u00c9CNICO DEPORTIVO!"},"content":{"rendered":"<div class=\"vgblk-rw-wrapper limit-wrapper\">\n<h1>El curso se acaba: \u00bfest\u00e1s preparado?<\/h1>\n<p>En primer lugar, queremos aprovechar la ocasi\u00f3n para <strong>felicitar a todos los alumnos del<\/strong> <strong><a href=\"https:\/\/oldwww.escuelavitae.com\/cicles-formatius\/grau-superior-ensenyament-animacio-socioesportiva\/\">Grado Superior EAS<\/a><\/strong> que, a pesar de las condiciones tan excepcionales de los \u00faltimos meses, han conseguido finalizar el curso y graduarse. \u00a1Toda la comunidad Vitae os da la enhorabuena por vuestro trabajo! <img decoding=\"async\" class=\"emoji\" draggable=\"false\" src=\"https:\/\/s.w.org\/images\/core\/emoji\/12.0.0-1\/svg\/1f393.svg\" alt=\" \" \/><\/p>\n<p>As\u00ed mismo, ahora m\u00e1s que nunca animamos a los estudiantes del <a href=\"https:\/\/oldwww.escuelavitae.com\/tecnic-conduccio-activitats-fisiques-esportives-medi-natural\/\"><strong>Grado Medio CAFEMN<\/strong><\/a> y el <a href=\"https:\/\/oldwww.escuelavitae.com\/grau-superior-condicionament-fisic-fitness\"><strong>Grado Superior de Acondicionamiento F\u00edsico<\/strong><\/a> a hacer un \u00faltimo esfuerzo en la <strong>recta final de este curso<\/strong>. \u00a1Ya solo est\u00e1is a un paso de conseguirlo! <img decoding=\"async\" class=\"emoji\" draggable=\"false\" src=\"https:\/\/s.w.org\/images\/core\/emoji\/12.0.0-1\/svg\/1f4aa.svg\" alt=\" \" \/><\/p>\n<h2>Te explicamos el protocolo para la recogida presencial de la documentaci\u00f3n de final de ciclo en las Escuelas Vitae<\/h2>\n<p style=\"font-size: 16px;\">Ante la situaci\u00f3n sanitaria en la que nos encontramos, para facilitar el acceso presencial para la recogida de la documentaci\u00f3n de final de ciclo hemos adecuado nuestros centros para facilitar esta actividad y se han tomado todas las medidas preventivas garantizando la seguridad tanto para las familias como para los trabajadores.<\/p>\n<p style=\"font-size: 16px;\">A continuaci\u00f3n te explicamos:<\/p>\n<ol>\n<li>\n<p style=\"font-size: 16px;\">La <strong>documentaci\u00f3n\u00a0<\/strong>que se entregar\u00e1 durante estos d\u00edas<\/p>\n<\/li>\n<li>\n<p style=\"font-size: 16px;\">C\u00f3mo pedir <strong>cita previa<\/strong> y el <strong>calendario<\/strong> para acudir al centro<\/p>\n<\/li>\n<li>\n<p style=\"font-size: 16px;\">El procedimiento para <strong>solicitar el t\u00edtulo<\/strong> acad\u00e9mico<\/p>\n<\/li>\n<li>\n<p style=\"font-size: 16px;\">Las<strong> medidas de seguridad<\/strong> que se tomar\u00e1n en nuestros centros<\/p>\n<\/li>\n<li>\n<p style=\"font-size: 16px;\">El <strong>acceso<\/strong> a cada centro durante los d\u00edas de apertura<\/p>\n<\/li>\n<\/ol>\n<p>[vc_empty_space height=\u00bb16px\u00bb]<\/p>\n<h3>\u00bfQu\u00e9 documentaci\u00f3n se entregar\u00e1 durante estos d\u00edas?<\/h3>\n<p style=\"font-size: 16px;\">La documentaci\u00f3n de final de curso que se entrega a los estudiantes es la siguiente:<\/p>\n<ul>\n<li>\n<p style=\"font-size: 16px;\">Certificado de estudios completos de ciclos formativos de grado superior<\/p>\n<\/li>\n<li>\n<p style=\"font-size: 16px;\">Certificado de estudios para el acceso a la universidad <em>(Escoles Vitae Catalunya)<\/em><\/p>\n<\/li>\n<li>\n<p style=\"font-size: 16px;\">Certificado de estudios para la matr\u00edcula en la fase espec\u00edfica de las pruebas de acceso a la universidad <em>(Escoles Vitae Catalunya)<\/em><\/p>\n<\/li>\n<li>\n<p style=\"font-size: 16px;\">Resguardo del t\u00edtulo. La petici\u00f3n del t\u00edtulo requiere de unos pasos a realizar antes de acudir a la cita previa para agilizar el proceso presencial. Tambi\u00e9n requiere del pago de las tasas. Si est\u00e1s interesado en solicitar el t\u00edtulo informa a la secretar\u00eda de tu centro antes de solicitar la cita previa.<\/p>\n<\/li>\n<\/ul>\n<p>[vc_empty_space height=\u00bb16px\u00bb]<\/p>\n<h3>\u00bfC\u00f3mo puedo recoger mis notas \/ titulaci\u00f3n?<\/h3>\n<p style=\"font-size: 16px;\">La recogida de notas\/titulaci\u00f3n se tiene que realizar de forma <strong>individual<\/strong> y con <strong>cita previa<\/strong>. Para pedir cita tienes que <span style=\"color: #008000;\"><a style=\"color: #008000;\" href=\"https:\/\/oldwww.escuelavitae.com\/contacte\/\"><u>ponerte en contacto con la secretar\u00eda del centro<\/u><\/a><\/span>. <strong>Es muy importante solicitar la cita puesto que solo se entregar\u00e1 la documentaci\u00f3n dentro de los d\u00edas y horarios establecidos<\/strong>. Fuera de estos d\u00edas, el centro no estar\u00e1 abierto y, por lo tanto, no se podr\u00e1 entregar ninguna documentaci\u00f3n.<\/p>\n<p style=\"font-size: 16px;\">\u26a0\ufe0f El d\u00eda l\u00edmite para solicitar la cita es:<\/p>\n<ul>\n<li style=\"font-size: 16px;\"><strong>Catalunya:<\/strong> el d\u00eda <span style=\"color: #008000;\">10 de junio<\/span><\/li>\n<li style=\"font-size: 16px;\"><strong>Navarra:\u00a0<\/strong>a partir <span style=\"color: #008000;\">del 10 de junio y hasta el d\u00eda 18<\/span><\/li>\n<\/ul>\n<p style=\"font-size: 16px;\">  Los d\u00edas y horarios de atenci\u00f3n para la recogida de documentaci\u00f3n ser\u00e1n:<\/p>\n<ul>\n<li style=\"font-size: 16px;\"><strong>Catalunya:<\/strong> <span style=\"color: #008000;\">15, 16 y 17 de junio<\/span> de 9,15h a 14h<\/li>\n<li style=\"font-size: 16px;\"><strong>Navarra:<\/strong> <span style=\"color: #008000;\">22, 23, 24 y 25 de junio<\/span> de 9,15h a 14h<\/li>\n<\/ul>\n<p>[vc_empty_space height=\u00bb26px\u00bb]<\/p>\n<h3>\u00bfC\u00f3mo solicito mi t\u00edtulo acad\u00e9mico?<\/h3>\n<p style=\"font-size: 16px;\">La petici\u00f3n del t\u00edtulo requiere del <strong>pago de las tasas (consulta con tu centro)<\/strong>. Si est\u00e1s interesado en solicitar el t\u00edtulo informa a la secretar\u00eda de tu centro antes de pedir la cita previa.<\/p>\n<p style=\"font-size: 16px;\">Te enviaremos dos documentos que deber\u00e1s cumplimentar y presentar en la escuela, junto con el resguardo del pago de las tasas.<\/p>\n<p>[vc_empty_space height=\u00bb24px\u00bb]<\/p>\n<h3>\u00bfQu\u00e9 medidas de seguridad se tomar\u00e1n?<\/h3>\n<p style=\"font-size: 16px;\">A continuaci\u00f3n detallamos las <strong>medidas de seguridad<\/strong> que se han tomado siguiendo los protocolos establecidos por el Departamento de Ense\u00f1anza y por el Departamento de Salud por la apertura de centros educativos para poder librar la documentaci\u00f3n correspondiente.<\/p>\n<p>[vc_row][vc_column width=\u00bb1\/6&#8243;][vc_single_image image=\u00bb19377&#8243; img_size=\u00bb90&#215;90&#8243; alignment=\u00bbcenter\u00bb][\/vc_column][vc_column width=\u00bb5\/6&#8243;][vc_empty_space height=\u00bb28px\u00bb][vc_column_text]<\/p>\n<p style=\"font-size: 16px;\">El centro dispone de todo el <strong>material necesario<\/strong> siguiendo las medidas de seguridad indicadas por el Departamento.<\/p>\n<p>[vc_row][vc_column width=\u00bb1\/6&#8243;][vc_single_image image=\u00bb19393&#8243; img_size=\u00bb90&#215;90&#8243; alignment=\u00bbcenter\u00bb][\/vc_column][vc_column width=\u00bb5\/6&#8243;][vc_empty_space height=\u00bb20px\u00bb][vc_column_text]<\/p>\n<p style=\"font-size: 16px;\">Se realizar\u00e1 la<strong> limpieza diaria y desinfecci\u00f3n<\/strong> de los espacios utilizados en los centros, seg\u00fan los protocolos vigentes; y limpieza peri\u00f3dica (varias veces en el d\u00eda de las superficies de mayor contacto: mesas, sillas, pomos lleves&#8230;)<\/p>\n<p>[vc_row][vc_column width=\u00bb1\/6&#8243;][vc_single_image image=\u00bb19389&#8243; img_size=\u00bb90&#215;90&#8243; alignment=\u00bbcenter\u00bb][\/vc_column][vc_column width=\u00bb5\/6&#8243;][vc_empty_space height=\u00bb20px\u00bb][vc_column_text]<\/p>\n<p style=\"font-size: 16px;\">Se realizar\u00e1 <strong>ventilaci\u00f3n<\/strong> cada hora de los espacios y, si es posible, se mantendr\u00e1n algunas ventanas abiertas de manera permanente para que haya circulaci\u00f3n de aire..<\/p>\n<p>[vc_row][vc_column width=\u00bb1\/6&#8243;][vc_single_image image=\u00bb19406&#8243; img_size=\u00bb90&#215;90&#8243; alignment=\u00bbcenter\u00bb][\/vc_column][vc_column width=\u00bb5\/6&#8243;][vc_empty_space height=\u00bb5px\u00bb][vc_column_text]<\/p>\n<p style=\"font-size: 16px;\">Organizaci\u00f3n de los espacios asegurando el mantenimiento de la <strong>distancia de 2 metros<\/strong> necesaria entre las personas en todas las situaciones (mientras esperan para ser atendidas, durante la cita, en la salida), con se\u00f1alizaciones que faciliten el movimiento sin concentraciones. El acceso del p\u00fablico al centro se limita a los espacios estrictamente necesarios para la entrega de la documentaci\u00f3n de fin de ciclo (ver planos de acceso m\u00e1s abajo).<\/p>\n<p>[vc_row][vc_column width=\u00bb1\/6&#8243;][vc_single_image image=\u00bb19381&#8243; img_size=\u00bb90&#215;90&#8243; alignment=\u00bbcenter\u00bb][\/vc_column][vc_column width=\u00bb5\/6&#8243;][vc_empty_space height=\u00bb20px\u00bb][vc_column_text]<\/p>\n<p style=\"font-size: 16px;\">Es conveniente que se lleve <strong>mascarilla<\/strong>. Aun as\u00ed, si no es posible, el centro dispone de mascarillas quir\u00fargicas para las personas que accedan al centro y no la lleven puesta de casa.<\/p>\n<p style=\"font-size: 16px;\">\u2139\ufe0f Haz clic en los enlaces siguientes para consultar las medidas espec\u00edficas que tomaremos en cada centro:<\/p>\n<p style=\"padding-left: 40px; font-size: 16px;\"><span style=\"color: #008000;\"><a style=\"color: #008000;\" href=\"https:\/\/oldwww.escuelavitae.com\/wp-content\/uploads\/2020\/06\/Mesures-seguretat-Laiet\u00d6-families.pdf\">Medidas de seguridad Escola Vitae Barcelona &#8211; Les Corts<\/a><\/span><\/p>\n<p style=\"padding-left: 40px; font-size: 16px;\"><span style=\"color: #008000;\"><a style=\"color: #008000;\" href=\"https:\/\/oldwww.escuelavitae.com\/wp-content\/uploads\/2020\/06\/Mesures-seguretat-SA-families.pdf\">Medidas de seguridad Escola Vitae Barcelona &#8211; Sant Andreu<\/a><\/span><\/p>\n<p style=\"padding-left: 40px; font-size: 16px;\"><span style=\"color: #008000;\"><a style=\"color: #008000;\" href=\"https:\/\/oldwww.escuelavitae.com\/wp-content\/uploads\/2020\/06\/Mesures-seguretat-CE-families.pdf\">Medidas de seguridad Escola Vitae Barcelona &#8211; Cerdanyola<\/a><\/span><\/p>\n<p style=\"padding-left: 40px; font-size: 16px;\"><span style=\"color: #008000;\"><a style=\"color: #008000;\" href=\"https:\/\/oldwww.escuelavitae.com\/wp-content\/uploads\/2020\/06\/Mesures-seguretat-girona-families.pdf\">Medidas de seguridad Escola Vitae Girona<\/a><\/span><\/p>\n<p style=\"padding-left: 40px; font-size: 16px;\"><span style=\"color: #008000;\"><a style=\"color: #008000;\" href=\"https:\/\/bit.ly\/medidas-seguridad-huarte\">Medidas de seguridad Eskola Vitae Huarte<\/a><\/span><\/p>\n<p>[vc_empty_space height=\u00bb16px\u00bb]<\/p>\n<h3>Ya he pedido cita previa para recoger la documentaci\u00f3n, \u00bfc\u00f3mo puedo acceder al centro?<\/h3>\n<p style=\"font-size: 16px;\">A continuaci\u00f3n encontrar\u00e1s enlaces a los planos de cada centro con las indicaciones correspondientes para acceder cuando vengas a buscar la documentaci\u00f3n.<\/p>\n<p style=\"padding-left: 40px; font-size: 16px;\"><span style=\"color: #008000;\">Plano situaci\u00f3n y acceso Escola Vitae Barcelona &#8211; Les Corts<\/span><\/p>\n<p style=\"padding-left: 40px; font-size: 16px;\"><span style=\"color: #008000;\">Plano situaci\u00f3n y acceso Escola Vitae Barcelona &#8211; Sant Andreu<\/span><\/p>\n<p style=\"padding-left: 40px; font-size: 16px;\"><span style=\"color: #008000;\">Plano situaci\u00f3n y acceso Escola Vitae Barcelona &#8211; Cerdanyola<\/span><\/p>\n<p style=\"padding-left: 40px; font-size: 16px;\"><span style=\"color: #008000;\">Plano situaci\u00f3n y acceso Escola Vitae Girona<\/span><\/p>\n<p style=\"padding-left: 40px; font-size: 16px;\"><span style=\"color: #008000;\">Plano situaci\u00f3n y acceso Eskola Vitae Huarte<\/span><\/p>\n<p>[vc_row][vc_column][vc_empty_space height=\u00bb18px\u00bb][vc_column_text]<\/p>\n<h3>Si tienes dudas o preguntas&#8230;<\/h3>\n<p style=\"font-size: 16px;\">  Escribe a <strong><span style=\"color: #008000;\"><a style=\"color: #008000;\" href=\"mailto:info@escuelavitae.com\">info@escuelavitae.com<\/a><\/span><\/strong><\/p>\n<p style=\"font-size: 16px;\">  Ll\u00e1manos <strong>(<span style=\"color: #008000;\"><a style=\"color: #008000;\" href=\"https:\/\/oldwww.escuelavitae.com\/contacte\/\">aqu\u00ed encontrar\u00e1s los tel\u00e9fonos de todas las Escuelas Vitae<\/a><\/span>)<\/strong><\/p>\n<\/div>\n<p><!-- .vgblk-rw-wrapper --><\/p>\n","protected":false},"excerpt":{"rendered":"<p>El curso se acaba: \u00bfest\u00e1s preparado? En primer lugar, queremos aprovechar la ocasi\u00f3n para felicitar a todos los alumnos del Grado Superior EAS que, a pesar de las condiciones tan excepcionales de los \u00faltimos meses, han conseguido finalizar el curso y graduarse. \u00a1Toda la comunidad Vitae os da la enhorabuena por vuestro trabajo! As\u00ed mismo,&#8230;<\/p>\n","protected":false},"author":1,"featured_media":1001877,"comment_status":"closed","ping_status":"closed","sticky":false,"template":"","format":"standard","meta":{"om_disable_all_campaigns":false,"footnotes":""},"categories":[1],"tags":[],"class_list":["post-1001876","post","type-post","status-publish","format-standard","has-post-thumbnail","hentry","category-sin-categorizar"],"aioseo_notices":[],"_links":{"self":[{"href":"https:\/\/www.escuelavitae.com\/es\/wp-json\/wp\/v2\/posts\/1001876","targetHints":{"allow":["GET"]}}],"collection":[{"href":"https:\/\/www.escuelavitae.com\/es\/wp-json\/wp\/v2\/posts"}],"about":[{"href":"https:\/\/www.escuelavitae.com\/es\/wp-json\/wp\/v2\/types\/post"}],"author":[{"embeddable":true,"href":"https:\/\/www.escuelavitae.com\/es\/wp-json\/wp\/v2\/users\/1"}],"replies":[{"embeddable":true,"href":"https:\/\/www.escuelavitae.com\/es\/wp-json\/wp\/v2\/comments?post=1001876"}],"version-history":[{"count":1,"href":"https:\/\/www.escuelavitae.com\/es\/wp-json\/wp\/v2\/posts\/1001876\/revisions"}],"predecessor-version":[{"id":1002120,"href":"https:\/\/www.escuelavitae.com\/es\/wp-json\/wp\/v2\/posts\/1001876\/revisions\/1002120"}],"wp:featuredmedia":[{"embeddable":true,"href":"https:\/\/www.escuelavitae.com\/es\/wp-json\/wp\/v2\/media\/1001877"}],"wp:attachment":[{"href":"https:\/\/www.escuelavitae.com\/es\/wp-json\/wp\/v2\/media?parent=1001876"}],"wp:term":[{"taxonomy":"category","embeddable":true,"href":"https:\/\/www.escuelavitae.com\/es\/wp-json\/wp\/v2\/categories?post=1001876"},{"taxonomy":"post_tag","embeddable":true,"href":"https:\/\/www.escuelavitae.com\/es\/wp-json\/wp\/v2\/tags?post=1001876"}],"curies":[{"name":"wp","href":"https:\/\/api.w.org\/{rel}","templated":true}]}}